{"id":10654,"date":"2022-07-14T09:47:10","date_gmt":"2022-07-14T12:47:10","guid":{"rendered":"http:\/\/blog.cancaonova.com\/riodejaneiro\/?p=10654"},"modified":"2023-03-28T15:57:18","modified_gmt":"2023-03-28T18:57:18","slug":"no-coracao-de-jesus-pelo-reino-dos-ceus","status":"publish","type":"post","link":"https:\/\/blog.cancaonova.com\/riodejaneiro\/no-coracao-de-jesus-pelo-reino-dos-ceus\/","title":{"rendered":"No Cora\u00e7\u00e3o de Jesus pelo Reino dos C\u00e9us"},"content":{"rendered":"<p align=\"center\"><u><b>No Cora\u00e7\u00e3o de Jesus pelo Reino dos C\u00e9us<\/b><\/u><\/p>\n<p align=\"center\"><img loading=\"lazy\" decoding=\"async\" class=\"aligncenter wp-image-10655\" src=\"http:\/\/blog.cancaonova.com\/riodejaneiro\/files\/2022\/07\/marcia-199x300.jpg\" alt=\"\" width=\"254\" height=\"383\" srcset=\"https:\/\/blog.cancaonova.com\/riodejaneiro\/files\/2022\/07\/marcia-199x300.jpg 199w, https:\/\/blog.cancaonova.com\/riodejaneiro\/files\/2022\/07\/marcia.jpg 619w\" sizes=\"(max-width: 254px) 100vw, 254px\" \/><\/p>\n<p align=\"justify\">No dia 14 de maio de 2022, a Can\u00e7\u00e3o Nova Rio de Janeiro, foi presenteada com uma gra\u00e7a de Deus nesses 30 anos de nossa Miss\u00e3o nas terras cariocas: O Compromisso Definitivo ao Celibato pelo Reino dos C\u00e9us, de uma de nossas irm\u00e3s do Segundo Elo: M\u00e1rcia Maria da Silva Neves.<\/p>\n<p align=\"justify\">Segue aqui o seu testemunho sobre sua entrega ao chamado de Deus a esse Estado de Vida.<\/p>\n<p align=\"justify\">Nossa irm\u00e3 relata que buscando num caminho com Deus, aquilo que de antem\u00e3o Ele mesmo j\u00e1 preparava para ela, foi dando passos, muitas vezes, sem perceber onde seus p\u00e9s pisavam, foi seguindo e se entregando na alegria de ser toda Dele.<\/p>\n<p align=\"justify\">M\u00e1rcia Maria participou a primeira vez de uma Missa, aos 13 anos de idade e foi batizada aos 17 anos. Frequentou ambientes que n\u00e3o eram de Deus, mas n\u00e3o se acostumou, pois sentia que ali n\u00e3o era seu lugar.<\/p>\n<p align=\"justify\">Foi casada, recebeu a gra\u00e7a de Deus de ser m\u00e3e e hoje tem um filho e uma neta que s\u00e3o lindos, s\u00e3o presentes de Deus para ela. No entanto, precisava de algo que n\u00e3o compreendia, mas buscava.<\/p>\n<p align=\"justify\">Depois de conhecer a Can\u00e7\u00e3o Nova, frequentar a Casa de Evangeliza\u00e7\u00e3o, caminhar junto com a Comunidade no Rio de Janeiro, come\u00e7ou um Caminho de Discernimento Vocacional.<\/p>\n<p align=\"justify\">Buscou junto ao Tribunal Eclesi\u00e1stico, a avalia\u00e7\u00e3o de seu matrim\u00f4nio e, pela Igreja, recebe a gra\u00e7a da nulidade. Isso diz a M\u00e1rcia que ela est\u00e1 livre para ser toda de Jesus.<\/p>\n<p align=\"justify\">M\u00e1rcia Maria faz seu primeiro Compromisso com a Comunidade Can\u00e7\u00e3o Nova e seu cora\u00e7\u00e3o \u00e9 s\u00f3 felicidade. Cada passo dentro do Carisma, na Vida Fraterna, nas Forma\u00e7\u00f5es, nas Miss\u00f5es, lhe conduzia mais para o Senhor e em seu cora\u00e7\u00e3o s\u00f3 crescia o amor a Deus e a vontade de ser mais Dele.<\/p>\n<p align=\"justify\">Ainda faltava algo.<\/p>\n<p align=\"justify\">Ela decide encaminhar seu pedido para fazer o Caminho de Discernimento para o Celibato, desejando ser toda de Deus e para Ele, mas ainda n\u00e3o era o tempo, seu pedido n\u00e3o foi autorizado.<\/p>\n<p align=\"justify\">Questiona a Deus se por causa de todas as vezes que se afastou, que em vez de fazer a vontade Dele, optou por fazer a sua pr\u00f3pria vontade, seria impedida da oportunidade de se entregar para essa vida que antecipa o C\u00e9u.<\/p>\n<p align=\"justify\">Refletindo melhor, conclui que n\u00e3o \u00e9 assim, que Deus age, se Ele recebe, Ele recebe completamente e definitivamente, que com o seu arrependimento, Ele perdoou tudo. E tudo \u00e9 tudo.<\/p>\n<p align=\"justify\">Um tempo de espera e no dia 12.11.2016, na Celebra\u00e7\u00e3o de Compromisso Definitivo para o Celibato de uma irm\u00e3 da Comunidade, pediu que o Cora\u00e7\u00e3o de Jesus, ferido de amor, tocasse a ferida do seu cora\u00e7\u00e3o e, no momento da Eucaristia, s\u00f3 ela e o Seu Jesus, Ele lhe tocou. Naquele momento o mundo parou, tudo parou, era somente ela e Ele.<\/p>\n<p align=\"justify\">Logo ap\u00f3s a Missa, ap\u00f3s viver esse momento, em uma partilha com outras irm\u00e3s, ela recebe a not\u00edcia que poderia ingressar no Caminho de Discernimento ao Celibato pelo Reino dos C\u00e9us, o qual iniciou em abril de 2017.<\/p>\n<p align=\"justify\">M\u00e1rcia Maria descreve que n\u00e3o \u00e9 um Caminho f\u00e1cil, principalmente quando se tem uma hist\u00f3ria t\u00e3o cheia de cicatrizes. Mas, segundo ela, o amor imenso e at\u00e9 constrangedor de Jesus, foi sempre conduzindo, curando, ensinando a deixar-se ser amada por Ele e assim ser curada.<\/p>\n<p align=\"justify\">Ela reconhece que ainda tem muito a ser cuidado, mas s\u00f3 de aprender desse Amor, onde pode ir com Jesus, por Ele e para Ele, segue na gra\u00e7a.<\/p>\n<p align=\"justify\">Fez seu primeiro Compromisso em 2018 e os seguintes em 2019 e 2020. Ap\u00f3s um momento de espera, em fevereiro de 2022, chega a resposta, \u00e9 tempo de preparar o grande dia, o dia do Senhor para ela. O m\u00eas: maio; o dia: 14 &#8211; depois de celebrarmos Maria; lugar: Par\u00f3quia Sagrado Cora\u00e7\u00e3o de Jesus.<\/p>\n<p align=\"justify\">M\u00e1rcia Maria sentiu-se e sente-se muito amada por todos os irm\u00e3os, amigos e familiares.<\/p>\n<p align=\"justify\">Nossa irm\u00e3 nos diz que n\u00e3o d\u00e1 para temer, para deixar de seguir o Bom Pastor, o Mestre, Jesus Cristo que quer ser Todo dela e quer que ela seja toda Dele. N\u00e3o tem como deixar de se fazer toda Dele a cada dia mais, num caminho cont\u00ednuo de autocorre\u00e7\u00e3o, de converter-se cada dia mais e mais a Ele.<\/p>\n<p align=\"justify\">E ela tamb\u00e9m nos convida a n\u00e3o fugir de Jesus, de desejarmos ser inteiramente Dele e para Ele e, Jesus, que \u00e9 lindo, mostrar\u00e1 a dire\u00e7\u00e3o que j\u00e1 est\u00e1 desde sempre no Seu Sagrado Cora\u00e7\u00e3o.<\/p>\n<p align=\"justify\">A Mission\u00e1ria tamb\u00e9m convida a cada um, a procurar descobrir o seu Estado de Vida. Sabe que \u00e9 importante fazer essa descoberta e, por isso orienta que, caso n\u00e3o tenha feito, a buscar em Jesus, pois o Grande Amor vai revelar, l\u00e1 estar\u00e1 o seu lugar, no Sagrado Cora\u00e7\u00e3o e assim voc\u00ea ser\u00e1 feliz e realizar\u00e1 bem a sua Miss\u00e3o.<\/p>\n","protected":false},"excerpt":{"rendered":"<p>No Cora\u00e7\u00e3o de Jesus pelo Reino dos C\u00e9us No dia 14 de maio de 2022, a Can\u00e7\u00e3o Nova Rio de Janeiro, foi presenteada com uma gra\u00e7a de Deus nesses 30 anos de nossa Miss\u00e3o nas terras cariocas: O Compromisso Definitivo&#8230;<\/p>\n","protected":false},"author":511,"featured_media":10655,"comment_status":"open","ping_status":"open","sticky":false,"template":"","format":"standard","meta":{"_mi_skip_tracking":false,"_monsterinsights_sitenote_active":false,"_monsterinsights_sitenote_note":"","_monsterinsights_sitenote_category":0,"footnotes":""},"categories":[106],"tags":[],"_links":{"self":[{"href":"https:\/\/blog.cancaonova.com\/riodejaneiro\/wp-json\/wp\/v2\/posts\/10654"}],"collection":[{"href":"https:\/\/blog.cancaonova.com\/riodejaneiro\/wp-json\/wp\/v2\/posts"}],"about":[{"href":"https:\/\/blog.cancaonova.com\/riodejaneiro\/wp-json\/wp\/v2\/types\/post"}],"author":[{"embeddable":true,"href":"https:\/\/blog.cancaonova.com\/riodejaneiro\/wp-json\/wp\/v2\/users\/511"}],"replies":[{"embeddable":true,"href":"https:\/\/blog.cancaonova.com\/riodejaneiro\/wp-json\/wp\/v2\/comments?post=10654"}],"version-history":[{"count":2,"href":"https:\/\/blog.cancaonova.com\/riodejaneiro\/wp-json\/wp\/v2\/posts\/10654\/revisions"}],"predecessor-version":[{"id":10728,"href":"https:\/\/blog.cancaonova.com\/riodejaneiro\/wp-json\/wp\/v2\/posts\/10654\/revisions\/10728"}],"wp:featuredmedia":[{"embeddable":true,"href":"https:\/\/blog.cancaonova.com\/riodejaneiro\/wp-json\/wp\/v2\/media\/10655"}],"wp:attachment":[{"href":"https:\/\/blog.cancaonova.com\/riodejaneiro\/wp-json\/wp\/v2\/media?parent=10654"}],"wp:term":[{"taxonomy":"category","embeddable":true,"href":"https:\/\/blog.cancaonova.com\/riodejaneiro\/wp-json\/wp\/v2\/categories?post=10654"},{"taxonomy":"post_tag","embeddable":true,"href":"https:\/\/blog.cancaonova.com\/riodejaneiro\/wp-json\/wp\/v2\/tags?post=10654"}],"curies":[{"name":"wp","href":"https:\/\/api.w.org\/{rel}","templated":true}]}}