{"id":10965,"date":"2023-06-28T15:25:46","date_gmt":"2023-06-28T18:25:46","guid":{"rendered":"http:\/\/blog.cancaonova.com\/riodejaneiro\/?p=10965"},"modified":"2023-10-06T16:37:04","modified_gmt":"2023-10-06T19:37:04","slug":"cerco-de-jerico","status":"publish","type":"post","link":"https:\/\/blog.cancaonova.com\/riodejaneiro\/cerco-de-jerico\/","title":{"rendered":"Cerco de Jeric\u00f3"},"content":{"rendered":"<p><span style=\"vertical-align: inherit;\"><span style=\"vertical-align: inherit;\">Cerco de Jeric\u00f3, o que \u00e9?<\/span><\/span><\/p>\n<div id=\"attachment_10967\" style=\"width: 550px\" class=\"wp-caption aligncenter\"><a href=\"http:\/\/blog.cancaonova.com\/riodejaneiro\/files\/2023\/06\/blog-1.jpg\"><img loading=\"lazy\" decoding=\"async\" aria-describedby=\"caption-attachment-10967\" class=\"wp-image-10967 size-full\" src=\"http:\/\/blog.cancaonova.com\/riodejaneiro\/files\/2023\/06\/blog-1.jpg\" alt=\"Cerco de Jeric\u00f3\" width=\"540\" height=\"540\" srcset=\"https:\/\/blog.cancaonova.com\/riodejaneiro\/files\/2023\/06\/blog-1.jpg 540w, https:\/\/blog.cancaonova.com\/riodejaneiro\/files\/2023\/06\/blog-1-150x150.jpg 150w, https:\/\/blog.cancaonova.com\/riodejaneiro\/files\/2023\/06\/blog-1-300x300.jpg 300w\" sizes=\"(max-width: 540px) 100vw, 540px\" \/><\/a><p id=\"caption-attachment-10967\" class=\"wp-caption-text\">Foto Ilustrativa: Canva<\/p><\/div>\n<p>&nbsp;<\/p>\n<p><span style=\"vertical-align: inherit;\"><span style=\"vertical-align: inherit;\">Para responder o que \u00e9 o <\/span><\/span><a href=\"https:\/\/www.padrereginaldomanzotti.org.br\/artigo\/formula-de-oracao-do-cerco-de-jerico-para-leigos\/\"><span style=\"vertical-align: inherit;\"><span style=\"vertical-align: inherit;\">Cerco<\/span><\/span><\/a><span style=\"vertical-align: inherit;\"><span style=\"vertical-align: inherit;\"> , gostaria de falar o que a f\u00e9 \u00e9 capaz de fazer em nossa vida. <\/span><span style=\"vertical-align: inherit;\">N\u00e3o apenas uma f\u00e9 da qual ouvimos falar, e sim provada na vida atrav\u00e9s das realidades que enfrentamos. <\/span><span style=\"vertical-align: inherit;\">Quem n\u00e3o viveu experi\u00eancias humanas que chegaram ao ponto de falar: <\/span><\/span><a href=\"https:\/\/formacao.cancaonova.com\/espiritualidade\/vida-de-oracao\/e-quando-deus-e-resposta-para-os-questionamentos-da-vida\/\"><span style=\"vertical-align: inherit;\"><span style=\"vertical-align: inherit;\">\u201cAgora s\u00f3 Deus? <\/span><\/span><\/a><span style=\"vertical-align: inherit;\"><span style=\"vertical-align: inherit;\">Se n\u00e3o for o Senhor nesta situa\u00e7\u00e3o, \u00e9 imposs\u00edvel reagir ao ponto de se abandonar nas m\u00e3os do Criador e colher os resultados\u201d. <\/span><\/span><br \/>\n<span style=\"vertical-align: inherit;\"><span style=\"vertical-align: inherit;\">O Mal Vai Sucumbir e as Muralhas V\u00e3o Cair\u201d, \u00e9 um caminho de subida em sua vida espiritual. <\/span><span style=\"vertical-align: inherit;\">Precisamos sair do superficial para mergulharmos em uma maior intimidade com Deus. <\/span><span style=\"vertical-align: inherit;\">\u00c9 um <\/span><\/span><a href=\"https:\/\/blog.cancaonova.com\/diarioespiritual\/2021\/05\/06\/tempos-fortes\/\"><span style=\"vertical-align: inherit;\"><span style=\"vertical-align: inherit;\">TEMPO FORTE<\/span><\/span><\/a><span style=\"vertical-align: inherit;\"><span style=\"vertical-align: inherit;\"> de ora\u00e7\u00e3o, de busca de convers\u00e3o autenticada. <\/span><span style=\"vertical-align: inherit;\">O primeiro milagre come\u00e7a em n\u00f3s! <\/span><span style=\"vertical-align: inherit;\">\u00c0 partir de n\u00f3s!<\/span><\/span><\/p>\n<p><span style=\"vertical-align: inherit;\"><span style=\"vertical-align: inherit;\">Cerco de Jeric\u00f3 n\u00e3o \u00e9, e n\u00e3o pode ser, algo m\u00e1gico, porque requer\u00e1 doa\u00e7\u00e3o, docilidade e perseveran\u00e7a. <\/span><span style=\"vertical-align: inherit;\">Um dado importante nas <\/span><\/span><a href=\"https:\/\/eventos.cancaonova.com\/pregacoes\/nao-tenha-medo-de-buscar-a-sua-cura-e-quebrar-as-muralhas\/\"><span style=\"vertical-align: inherit;\"><span style=\"vertical-align: inherit;\">quedas das muralhas<\/span><\/span><\/a><span style=\"vertical-align: inherit;\"><span style=\"vertical-align: inherit;\"> \u00e9 que a batalha come\u00e7ou depois que as muralhas ca\u00edram. <\/span><span style=\"vertical-align: inherit;\">Corremos o risco de fazer um Cerco e achar que, ap\u00f3s sete dias, estar\u00e1 tudo resolvido, mas os sete dias nos preparam para o enfrentamento que vir\u00e1. <\/span><span style=\"vertical-align: inherit;\">Os sete dias e as seis noites nos fortalecem para que n\u00e3o pere\u00e7amos na perda, na dor, no sofrimento ou na aridez espiritual. <\/span><span style=\"vertical-align: inherit;\">Quem faz um Cerco de Jeric\u00f3 com essa inten\u00e7\u00e3o, com certeza, sair\u00e1 mais fortalecido e renovado.<\/span><\/span><\/p>\n<p><span style=\"vertical-align: inherit;\"><span style=\"vertical-align: inherit;\">Com este intuito, a Can\u00e7\u00e3o Nova no Rio de Janeiro promover\u00e1 o Cerco de Jeric\u00f3, que acontecer\u00e1 do dia <\/span><\/span><strong><span style=\"vertical-align: inherit;\"><span style=\"vertical-align: inherit;\">01 de julho a 07 de julho de 2023,<\/span><\/span><\/strong><span style=\"vertical-align: inherit;\"><span style=\"vertical-align: inherit;\"> com o tema: <\/span><\/span><strong><span style=\"vertical-align: inherit;\"><span style=\"vertical-align: inherit;\">Libertos pelo Poder do <\/span><\/span><a href=\"https:\/\/formacao.cancaonova.com\/espiritualidade\/oracao\/consagre-se-ao-preciosissimo-sangue-de-jesus\/\"><span style=\"vertical-align: inherit;\"><span style=\"vertical-align: inherit;\">Sangue de Jesus<\/span><\/span><\/a><span style=\"vertical-align: inherit;\"><span style=\"vertical-align: inherit;\"> . <\/span><\/span><\/strong><span style=\"vertical-align: inherit;\"><span style=\"vertical-align: inherit;\">A cada dia teremos um padre convidado.<\/span><\/span><\/p>\n<p><span style=\"vertical-align: inherit;\"><span style=\"vertical-align: inherit;\">Venha participar destes momentos de ora\u00e7\u00e3o, intercess\u00e3o e intimidade com Deus.<\/span><\/span><\/p>\n<p><span style=\"vertical-align: inherit;\"><span style=\"vertical-align: inherit;\">Entrada livre! <\/span><span style=\"vertical-align: inherit;\">S\u00ea liga na programa\u00e7\u00e3o!<\/span><\/span><\/p>\n<p><strong><span style=\"vertical-align: inherit;\"><span style=\"vertical-align: inherit;\">Local:<\/span><\/span><\/strong><span style=\"vertical-align: inherit;\"><span style=\"vertical-align: inherit;\"> Casa de Evangeliza\u00e7\u00e3o Can\u00e7\u00e3o Nova &#8211; Rio de Janeiro<\/span><\/span><\/p>\n<p><span style=\"vertical-align: inherit;\"><span style=\"vertical-align: inherit;\">Rua Bar\u00e3o de S\u00e3o Borja, 61 M\u00e9ier-RJ<\/span><\/span><\/p>\n<p><strong><span style=\"vertical-align: inherit;\"><span style=\"vertical-align: inherit;\">Tel. <\/span><span style=\"vertical-align: inherit;\">whatasapp:<\/span><\/span><\/strong><span style=\"vertical-align: inherit;\"><span style=\"vertical-align: inherit;\"> 021 3344 2176<\/span><\/span><\/p>\n<p><strong><span style=\"vertical-align: inherit;\"><span style=\"vertical-align: inherit;\">E-mail:<\/span><\/span><\/strong><span style=\"vertical-align: inherit;\"><span style=\"vertical-align: inherit;\"> eventos.rj@cancaonova.com<\/span><\/span><\/p>\n<h2 style=\"text-align: left;\"><span style=\"vertical-align: inherit;\"><span style=\"vertical-align: inherit;\">Programa\u00e7\u00e3o<\/span><\/span><strong><span style=\"vertical-align: inherit;\"><span style=\"vertical-align: inherit;\"> do Cerco de Jeric\u00f3:<\/span><\/span><\/strong><\/h2>\n<h3 style=\"text-align: left;\" align=\"center\"><b><span style=\"vertical-align: inherit;\"><span style=\"vertical-align: inherit;\">S\u00e1bado \u2013 01\/07<\/span><\/span><\/b><\/h3>\n<p align=\"left\"><span style=\"vertical-align: inherit;\"><span style=\"vertical-align: inherit;\">17h30 \u2013 Chegada do povo<\/span><\/span><\/p>\n<p align=\"left\"><span style=\"vertical-align: inherit;\"><span style=\"vertical-align: inherit;\">18h00 \u2013 Ter\u00e7o Mariano<\/span><\/span><\/p>\n<p align=\"left\"><span style=\"vertical-align: inherit;\"><span style=\"vertical-align: inherit;\">18h30 \u2013 Missa: Pe. <\/span><span style=\"vertical-align: inherit;\">Ivan Paix\u00e3o<\/span><\/span><\/p>\n<p align=\"left\"><span style=\"vertical-align: inherit;\"><span style=\"vertical-align: inherit;\">19h30 \u2013 Adora\u00e7\u00e3o:<\/span><\/span><\/p>\n<p align=\"left\"><span style=\"vertical-align: inherit;\"><span style=\"vertical-align: inherit;\">20h30 \u2013 Encerramento<\/span><\/span><\/p>\n<p align=\"left\"><b><span style=\"vertical-align: inherit;\"><span style=\"vertical-align: inherit;\">Domingo \u2013 02\/07<\/span><\/span><\/b><\/p>\n<p align=\"left\"><span style=\"vertical-align: inherit;\"><span style=\"vertical-align: inherit;\">17h30 \u2013 Chegada do povo<\/span><\/span><\/p>\n<p align=\"left\"><span style=\"vertical-align: inherit;\"><span style=\"vertical-align: inherit;\">18h00 \u2013 Ter\u00e7o Mariano<\/span><\/span><\/p>\n<p align=\"left\"><span style=\"vertical-align: inherit;\"><span style=\"vertical-align: inherit;\">18h30 \u2013 Missa: Pe. <\/span><span style=\"vertical-align: inherit;\">Evandro Lima<\/span><\/span><\/p>\n<p align=\"left\"><span style=\"vertical-align: inherit;\"><span style=\"vertical-align: inherit;\">19h30 \u2013 Adora\u00e7\u00e3o:<\/span><\/span><\/p>\n<p align=\"left\"><span style=\"vertical-align: inherit;\"><span style=\"vertical-align: inherit;\">20h30 \u2013 Encerramento<\/span><\/span><\/p>\n<p align=\"left\"><b><span style=\"vertical-align: inherit;\"><span style=\"vertical-align: inherit;\">Segunda feira \u2013 03\/07<\/span><\/span><\/b><\/p>\n<p align=\"left\"><span style=\"vertical-align: inherit;\"><span style=\"vertical-align: inherit;\">17h30 \u2013 Chegada do povo<\/span><\/span><\/p>\n<p align=\"left\"><span style=\"vertical-align: inherit;\"><span style=\"vertical-align: inherit;\">18h00 \u2013 Ter\u00e7o Mariano<\/span><\/span><\/p>\n<p align=\"left\"><span style=\"vertical-align: inherit;\"><span style=\"vertical-align: inherit;\">18h30 \u2013 Missa: Pe. <\/span><span style=\"vertical-align: inherit;\">Jos\u00e9 Bezerra<\/span><\/span><\/p>\n<p align=\"left\"><span style=\"vertical-align: inherit;\"><span style=\"vertical-align: inherit;\">19h30 \u2013 Adora\u00e7\u00e3o:<\/span><\/span><\/p>\n<p align=\"left\"><span style=\"vertical-align: inherit;\"><span style=\"vertical-align: inherit;\">20h30 \u2013 Encerramento<\/span><\/span><\/p>\n<p align=\"left\"><b><span style=\"vertical-align: inherit;\"><span style=\"vertical-align: inherit;\">Ter\u00e7a feira \u2013 04\/07<\/span><\/span><\/b><\/p>\n<p align=\"left\"><span style=\"vertical-align: inherit;\"><span style=\"vertical-align: inherit;\">17h30 \u2013 Chegada do povo<\/span><\/span><\/p>\n<p align=\"left\"><span style=\"vertical-align: inherit;\"><span style=\"vertical-align: inherit;\">18h00 \u2013 Ter\u00e7o Mariano<\/span><\/span><\/p>\n<p align=\"left\"><span style=\"vertical-align: inherit;\"><span style=\"vertical-align: inherit;\">18h30 \u2013 Missa: Pe. <\/span><span style=\"vertical-align: inherit;\">Chic\u00e3o<\/span><\/span><\/p>\n<p align=\"left\"><span style=\"vertical-align: inherit;\"><span style=\"vertical-align: inherit;\">19h30 \u2013 Adora\u00e7\u00e3o:<\/span><\/span><\/p>\n<p align=\"left\"><span style=\"vertical-align: inherit;\"><span style=\"vertical-align: inherit;\">20h30 \u2013 Encerramento<\/span><\/span><\/p>\n<p align=\"left\"><b><span style=\"vertical-align: inherit;\"><span style=\"vertical-align: inherit;\">Quarta Feira \u2013 05\/07<\/span><\/span><\/b><\/p>\n<p align=\"left\"><span style=\"vertical-align: inherit;\"><span style=\"vertical-align: inherit;\">17h30 \u2013 Chegada do povo<\/span><\/span><\/p>\n<p align=\"left\"><span style=\"vertical-align: inherit;\"><span style=\"vertical-align: inherit;\">18h00 \u2013 Ter\u00e7o Mariano<\/span><\/span><\/p>\n<p align=\"left\"><span style=\"vertical-align: inherit;\"><span style=\"vertical-align: inherit;\">18h30 \u2013 Missa: Pe. <\/span><span style=\"vertical-align: inherit;\">Julinho<\/span><\/span><\/p>\n<p align=\"left\"><span style=\"vertical-align: inherit;\"><span style=\"vertical-align: inherit;\">19h30 \u2013 Adora\u00e7\u00e3o:<\/span><\/span><\/p>\n<p align=\"left\"><span style=\"vertical-align: inherit;\"><span style=\"vertical-align: inherit;\">20h30 \u2013 Encerramento<\/span><\/span><\/p>\n<p align=\"left\"><b><span style=\"vertical-align: inherit;\"><span style=\"vertical-align: inherit;\">Quinta feira \u2013 06\/07<\/span><\/span><\/b><\/p>\n<p align=\"left\"><span style=\"vertical-align: inherit;\"><span style=\"vertical-align: inherit;\">17h30 \u2013 Chegada do povo<\/span><\/span><\/p>\n<p align=\"left\"><span style=\"vertical-align: inherit;\"><span style=\"vertical-align: inherit;\">18h00 \u2013 Ter\u00e7o Mariano<\/span><\/span><\/p>\n<p align=\"left\"><span style=\"vertical-align: inherit;\"><span style=\"vertical-align: inherit;\">18h30 \u2013 Missa: Pe. <\/span><span style=\"vertical-align: inherit;\">F\u00e1bio de Melo<\/span><\/span><\/p>\n<p align=\"left\"><span style=\"vertical-align: inherit;\"><span style=\"vertical-align: inherit;\">19h30 \u2013 Adora\u00e7\u00e3o:<\/span><\/span><\/p>\n<p align=\"left\"><span style=\"vertical-align: inherit;\"><span style=\"vertical-align: inherit;\">20h30 \u2013 Encerramento<\/span><\/span><\/p>\n<p align=\"left\"><b><span style=\"vertical-align: inherit;\"><span style=\"vertical-align: inherit;\">Sexta feira \u2013 07\/07<\/span><\/span><\/b><\/p>\n<p align=\"left\"><span style=\"vertical-align: inherit;\"><span style=\"vertical-align: inherit;\">17h30 \u2013 Chegada do povo<\/span><\/span><\/p>\n<p align=\"left\"><span style=\"vertical-align: inherit;\"><span style=\"vertical-align: inherit;\">18h00 \u2013 Ter\u00e7o Mariano<\/span><\/span><\/p>\n<p align=\"left\"><span style=\"vertical-align: inherit;\"><span style=\"vertical-align: inherit;\">18h30 \u2013 Missa: Pe. <\/span><span style=\"vertical-align: inherit;\">Ricardo Rodolfo<\/span><\/span><\/p>\n<p align=\"left\"><span style=\"vertical-align: inherit;\"><span style=\"vertical-align: inherit;\">19h30 \u2013 Adora\u00e7\u00e3o:<\/span><\/span><\/p>\n<p align=\"left\"><span style=\"vertical-align: inherit;\"><span style=\"vertical-align: inherit;\">20h30 \u2013 Encerramento<\/span><\/span><\/p>\n<p align=\"left\"><span style=\"color: #ff0000;\"><span style=\"font-family: Arial, serif;\"><span style=\"font-size: medium;\"><b><span style=\"vertical-align: inherit;\"><span style=\"vertical-align: inherit;\">Obs. <\/span><\/span><\/b><\/span><\/span><\/span><span style=\"color: #ff0000;\"><span style=\"font-family: 'Times New Roman', serif;\"><span style=\"font-size: medium;\"><b><span style=\"vertical-align: inherit;\"><span style=\"vertical-align: inherit;\">A programa\u00e7\u00e3o est\u00e1 sujeita a altera\u00e7\u00f5es, sem aviso<\/span><\/span><\/b><\/span><\/span><\/span><\/p>\n<p>&nbsp;<\/p>\n<p>&nbsp;<\/p>\n<p>&nbsp;<\/p>\n","protected":false},"excerpt":{"rendered":"<p>Cerco de Jeric\u00f3, o que \u00e9? &nbsp; Para responder o que \u00e9 o Cerco , gostaria de falar o que a f\u00e9 \u00e9 capaz de fazer em nossa vida. N\u00e3o apenas uma f\u00e9 da qual ouvimos falar, e sim provada&#8230;<\/p>\n","protected":false},"author":4762,"featured_media":10967,"comment_status":"open","ping_status":"open","sticky":false,"template":"","format":"standard","meta":{"_mi_skip_tracking":false,"_monsterinsights_sitenote_active":false,"_monsterinsights_sitenote_note":"","_monsterinsights_sitenote_category":0,"footnotes":""},"categories":[19],"tags":[6351,15743,24021,17390,159484,7491,17230,17000,451,261,17909,16908,3641,7601,7611],"_links":{"self":[{"href":"https:\/\/blog.cancaonova.com\/riodejaneiro\/wp-json\/wp\/v2\/posts\/10965"}],"collection":[{"href":"https:\/\/blog.cancaonova.com\/riodejaneiro\/wp-json\/wp\/v2\/posts"}],"about":[{"href":"https:\/\/blog.cancaonova.com\/riodejaneiro\/wp-json\/wp\/v2\/types\/post"}],"author":[{"embeddable":true,"href":"https:\/\/blog.cancaonova.com\/riodejaneiro\/wp-json\/wp\/v2\/users\/4762"}],"replies":[{"embeddable":true,"href":"https:\/\/blog.cancaonova.com\/riodejaneiro\/wp-json\/wp\/v2\/comments?post=10965"}],"version-history":[{"count":11,"href":"https:\/\/blog.cancaonova.com\/riodejaneiro\/wp-json\/wp\/v2\/posts\/10965\/revisions"}],"predecessor-version":[{"id":11001,"href":"https:\/\/blog.cancaonova.com\/riodejaneiro\/wp-json\/wp\/v2\/posts\/10965\/revisions\/11001"}],"wp:featuredmedia":[{"embeddable":true,"href":"https:\/\/blog.cancaonova.com\/riodejaneiro\/wp-json\/wp\/v2\/media\/10967"}],"wp:attachment":[{"href":"https:\/\/blog.cancaonova.com\/riodejaneiro\/wp-json\/wp\/v2\/media?parent=10965"}],"wp:term":[{"taxonomy":"category","embeddable":true,"href":"https:\/\/blog.cancaonova.com\/riodejaneiro\/wp-json\/wp\/v2\/categories?post=10965"},{"taxonomy":"post_tag","embeddable":true,"href":"https:\/\/blog.cancaonova.com\/riodejaneiro\/wp-json\/wp\/v2\/tags?post=10965"}],"curies":[{"name":"wp","href":"https:\/\/api.w.org\/{rel}","templated":true}]}}