{"id":11003,"date":"2023-10-22T21:32:20","date_gmt":"2023-10-23T00:32:20","guid":{"rendered":"http:\/\/blog.cancaonova.com\/riodejaneiro\/?p=11003"},"modified":"2023-10-22T21:32:20","modified_gmt":"2023-10-23T00:32:20","slug":"o-espirito-sopra-onde-quer-4","status":"publish","type":"post","link":"https:\/\/blog.cancaonova.com\/riodejaneiro\/o-espirito-sopra-onde-quer-4\/","title":{"rendered":"O Esp\u00edrito Sopra onde quer!"},"content":{"rendered":"<h2>&#8220;O Esp\u00edrito Sopra onde Quer&#8221; &#8211; Um novo Pentecostes na Catedral Metropolitana do Rio de Janeiro<\/h2>\n<p>No dia 29 de outubro de 2023, acontecer\u00e1 na Catedral Metropolitana do Rio de Janeiro, uma edi\u00e7\u00e3o especial do evento o &#8220;Esp\u00edrito Sopra onde Quer&#8221;.<\/p>\n<div id=\"attachment_11006\" style=\"width: 310px\" class=\"wp-caption aligncenter\"><a href=\"http:\/\/blog.cancaonova.com\/riodejaneiro\/files\/2023\/10\/o-espirito-sopra-onde-quer.jpg\"><img loading=\"lazy\" decoding=\"async\" aria-describedby=\"caption-attachment-11006\" class=\"wp-image-11006 size-medium\" src=\"http:\/\/blog.cancaonova.com\/riodejaneiro\/files\/2023\/10\/o-espirito-sopra-onde-quer-300x225.jpg\" alt=\"\" width=\"300\" height=\"225\" srcset=\"https:\/\/blog.cancaonova.com\/riodejaneiro\/files\/2023\/10\/o-espirito-sopra-onde-quer-300x225.jpg 300w, https:\/\/blog.cancaonova.com\/riodejaneiro\/files\/2023\/10\/o-espirito-sopra-onde-quer-768x576.jpg 768w, https:\/\/blog.cancaonova.com\/riodejaneiro\/files\/2023\/10\/o-espirito-sopra-onde-quer.jpg 1600w\" sizes=\"(max-width: 300px) 100vw, 300px\" \/><\/a><p id=\"caption-attachment-11006\" class=\"wp-caption-text\">M\u00eddias &#8211; CNRio<\/p><\/div>\n<p>Neste ano, o evento O Esp\u00edrito Sopra Onde quer n\u00e3o aconteceu em sua data tradicional (sexta antes do domingo de Pentecostes). Sendo assim, a Comunidade Can\u00e7\u00e3o Nova, aceitando a sugest\u00e3o do nosso Cardeal, Dom Orani Jo\u00e3o Tempesta, decidiu criar essa edi\u00e7\u00e3o especial do evento, com o tema: \u201cE todos ficaram cheios do Esp\u00edrito Santo\u201d (At 2,4), para que a evangeliza\u00e7\u00e3o continue e para clamarmos, em unidade com a Igreja, a for\u00e7a do <a href=\"https:\/\/noticias.cancaonova.com\/especiais\/pontificado\/francisco\/que-o-espirito-santo-renove-a-graca-do-batismo-em-nos\/\" target=\"_blank\" rel=\"noopener\">Esp\u00edrito Santo<\/a> sobre todos n\u00f3s, sobre toda a Cidade do Rio de Janeiro, pois entende que o povo da cidade maravilhosa precisa experimentar do grande amor de Deus, por isso, mais do que nunca se faz necess\u00e1rio clamar o derramamento do Esp\u00edrito Santo que revela e convence da verdade que \u00e9 Cristo, que ordena e renova todas as coisas, como fez em <a href=\"https:\/\/noticias.cancaonova.com\/igreja\/pentecostes-padre-explica-como-o-espirito-santo-age-na-igreja\/\" target=\"_blank\" rel=\"noopener\">Pentecostes<\/a>.<\/p>\n<p>\u201c<a href=\"https:\/\/noticias.cancaonova.com\/brasil\/rio-promove-evento-o-espirito-sopra-onde-quer-nesta-sexta-feira\/\" target=\"_blank\" rel=\"noopener\">O Esp\u00edrito sopra onde Quer<\/a>&#8221; foi o primeiro evento de massa realizado pela Can\u00e7\u00e3o Nova da Miss\u00e3o Rio de Janeiro, em 1998, com a inspira\u00e7\u00e3o de levar as pessoas ao encontro pessoal com Jesus e \u00e0 experi\u00eancia do batismo do Esp\u00edrito Santo.<\/p>\n<p>Neste ano, o evento iniciar\u00e1 a partir das 9h da manh\u00e3 e ser\u00e1 um dia inteiro de louvor, adora\u00e7\u00e3o, prega\u00e7\u00e3o, shows e Santa Missa, com a presen\u00e7a do arcebispo do Rio de Janeiro, Cardeal Dom Orani Jo\u00e3o Tempesta, do vig\u00e1rio episcopal da Vida Consagrada, Dom Roberto Lopes, e os padres Ant\u00f4nio Jos\u00e9 e Ivan Paix\u00e3o.<br \/>\nEntre os pregadores e m\u00fasicos, F\u00e1tima Lima, Minist\u00e9rio Rio de \u00c1gua Viva, Ana L\u00facia e Davidson Silva da<br \/>\nComunidade Shalom.<\/p>\n<p>Teremos tamb\u00e9m um tributo ao nosso querido e saudoso <a href=\"https:\/\/noticias.cancaonova.com\/mundo\/biografia-do-monsenhor-jonas-abib\/\" target=\"_blank\" rel=\"noopener\">Monsenhor Jonas Abib<\/a>, fundador da Comunidade Can\u00e7\u00e3o Nova.<\/p>\n<p>A entrada \u00e9 gratuita, por\u00e9m a organiza\u00e7\u00e3o do evento pede a doa\u00e7\u00e3o de 1kg de alimento n\u00e3o perec\u00edvel. Tudo o que for arrecadado ser\u00e1 ofertado para institui\u00e7\u00f5es de caridade.<\/p>\n<p>&nbsp;<\/p>\n<p><em><strong>PROGRAMA\u00c7\u00c3O<\/strong><\/em><\/p>\n<p>9h &#8211; Acolhida e anima\u00e7\u00e3o<\/p>\n<p>9h45 &#8211; Ora\u00e7\u00e3o em prepara\u00e7\u00e3o<br \/>\npara a Missa<\/p>\n<p>10h &#8211; Santa Missa &#8211; Cardeal Dom Orani Jo\u00e3o Tempesta<\/p>\n<p>11h20 &#8211; M\u00fasica e ora\u00e7\u00e3o<\/p>\n<p>11h30 &#8211; Prega\u00e7\u00e3o: Necess\u00e1rio vos \u00e9 nascer de novo! (Padre Ivan Paix\u00e3o)<\/p>\n<p>12h10 &#8211; Ora\u00e7\u00e3o<\/p>\n<p>12h30 &#8211; Intervalo (almo\u00e7o)<\/p>\n<p>14h &#8211; Prega\u00e7\u00e3o: Um Pentecostes hoje! (Padre Ant\u00f4nio Jos\u00e9)<\/p>\n<p>14h40 &#8211; Ora\u00e7\u00e3o<\/p>\n<p>14h50 &#8211; Intervalo em prepara\u00e7\u00e3o para o Ter\u00e7o da Miseric\u00f3rdia<\/p>\n<p>15h &#8211; Ter\u00e7o da Miseric\u00f3rdia (F\u00e1tima Lima e Dom Roberto)<\/p>\n<p>15h30 &#8211; Tributo ao Monsenhor<br \/>\nJonas Abib (Ana L\u00facia \/ Davidson Silva e Minist\u00e9rio Rio de \u00c1gua Viva)<\/p>\n<p>16h20 &#8211; Adora\u00e7\u00e3o ao Sant\u00edssimo Sacramento<\/p>\n<p>16h50 &#8211; Ben\u00e7\u00e3o do Sant\u00edssimo e encerramento.<\/p>\n","protected":false},"excerpt":{"rendered":"<p>&#8220;O Esp\u00edrito Sopra onde Quer&#8221; &#8211; Um novo Pentecostes na Catedral Metropolitana do Rio de Janeiro No dia 29 de outubro de 2023, acontecer\u00e1 na Catedral Metropolitana do Rio de Janeiro, uma edi\u00e7\u00e3o especial do evento o &#8220;Esp\u00edrito Sopra onde&#8230;<\/p>\n","protected":false},"author":4772,"featured_media":11004,"comment_status":"open","ping_status":"open","sticky":false,"template":"","format":"standard","meta":{"_mi_skip_tracking":false,"_monsterinsights_sitenote_active":false,"_monsterinsights_sitenote_note":"","_monsterinsights_sitenote_category":0,"footnotes":""},"categories":[19],"tags":[159426,159413,18340,18989,39631,13031],"_links":{"self":[{"href":"https:\/\/blog.cancaonova.com\/riodejaneiro\/wp-json\/wp\/v2\/posts\/11003"}],"collection":[{"href":"https:\/\/blog.cancaonova.com\/riodejaneiro\/wp-json\/wp\/v2\/posts"}],"about":[{"href":"https:\/\/blog.cancaonova.com\/riodejaneiro\/wp-json\/wp\/v2\/types\/post"}],"author":[{"embeddable":true,"href":"https:\/\/blog.cancaonova.com\/riodejaneiro\/wp-json\/wp\/v2\/users\/4772"}],"replies":[{"embeddable":true,"href":"https:\/\/blog.cancaonova.com\/riodejaneiro\/wp-json\/wp\/v2\/comments?post=11003"}],"version-history":[{"count":2,"href":"https:\/\/blog.cancaonova.com\/riodejaneiro\/wp-json\/wp\/v2\/posts\/11003\/revisions"}],"predecessor-version":[{"id":11007,"href":"https:\/\/blog.cancaonova.com\/riodejaneiro\/wp-json\/wp\/v2\/posts\/11003\/revisions\/11007"}],"wp:featuredmedia":[{"embeddable":true,"href":"https:\/\/blog.cancaonova.com\/riodejaneiro\/wp-json\/wp\/v2\/media\/11004"}],"wp:attachment":[{"href":"https:\/\/blog.cancaonova.com\/riodejaneiro\/wp-json\/wp\/v2\/media?parent=11003"}],"wp:term":[{"taxonomy":"category","embeddable":true,"href":"https:\/\/blog.cancaonova.com\/riodejaneiro\/wp-json\/wp\/v2\/categories?post=11003"},{"taxonomy":"post_tag","embeddable":true,"href":"https:\/\/blog.cancaonova.com\/riodejaneiro\/wp-json\/wp\/v2\/tags?post=11003"}],"curies":[{"name":"wp","href":"https:\/\/api.w.org\/{rel}","templated":true}]}}