{"id":4761,"date":"2010-07-13T22:34:11","date_gmt":"2010-07-13T19:34:11","guid":{"rendered":"http:\/\/blog.cancaonova.com\/riodejaneiro\/?p=4761"},"modified":"2013-11-19T09:53:19","modified_gmt":"2013-11-19T12:53:19","slug":"meus-amigos","status":"publish","type":"post","link":"https:\/\/blog.cancaonova.com\/riodejaneiro\/meus-amigos\/","title":{"rendered":"Meus Amigos..."},"content":{"rendered":"<p class=\"MsoNormal\"><a href=\"http:\/\/blog.cancaonova.com\/riodejaneiro\/files\/2010\/07\/am.jpg\"><img loading=\"lazy\" decoding=\"async\" class=\"aligncenter size-medium wp-image-4762\" src=\"http:\/\/blog.cancaonova.com\/riodejaneiro\/files\/2010\/07\/am.jpg\" alt=\"\" width=\"512\" height=\"320\" \/><\/a><\/p>\n<p class=\"MsoNormal\">\n<p class=\"MsoNormal\"><strong>Um diferente do outro e todos diferentes de mim. Pensando nisso descobri que \u00e9 justamente nessa diferen\u00e7a que Deus nos completa para sermos o que de fato Ele tem para n\u00f3s. <\/strong><\/p>\n<p class=\"MsoNormal\"><strong>Amizades verdadeiras que nem o tempo nem a dist\u00e2ncia podem apagar as marcas as experi\u00eancias, das quais s\u00e3o renovadas cada uma no tempo de Deus cada momento cada partilha, um pedido de ora\u00e7\u00e3o no momento de prova\u00e7\u00e3o ou de alegria. A partilha sincera o conselho que nos impulsiona da coragem para vencer e superar os desafios, conselho de amigo em Deus \u00e9 com certeza voz de Deus, mesmo que eu n\u00e3o concorde na hora, mas quando a poeira baixar ai consigo ver, \u00e9 isso meu amigo(a) tem raz\u00e3o. <\/strong><\/p>\n<p class=\"MsoNormal\"><strong>Se voc\u00ea tem um amigo(a) em Deus n\u00e3o permita que as ervas daninhas mate sua amizade, cultive, cuide seja presente mesmo que esteja longe. Um jardim s\u00f3 \u00e9 belo porque o jardineiro da aten\u00e7\u00e3o, cuida, presta aten\u00e7\u00e3o, gasta tempo e da qualidade. <\/strong><\/p>\n<p class=\"MsoNormal\"><strong>\u00c9 ai que mora o segredo. <\/strong><\/p>\n<p class=\"MsoNormal\"><strong>Aos meus amigos meu louvor e agradecimento a Deus por cada experi\u00eancia por cada marca que com certeza nos faz crescer.<\/strong><\/p>\n<p class=\"MsoNormal\"><strong>Sei que de muitos estou longe, mas a cada dia me lembro: \u201cPerto estas se dentro estas\u201d.<\/strong><\/p>\n<p class=\"MsoNormal\"><strong>Deus aben\u00e7oe e obrigada por voc\u00ea fazer parte da minha vida e hist\u00f3ria.<\/strong><\/p>\n<p class=\"MsoNormal\"><strong>Amigos para sempre se Deus quiser!!! Feliz dia do Amigo os amo muit\u00e3o!!!<\/strong><\/p>\n<p class=\"MsoNormal\">\n<p class=\"MsoNormal\"><strong>Gizeli Andrade Comunidade Can\u00e7\u00e3o Nova \/RJ<\/strong><\/p>\n<p class=\"MsoNormal\"><strong>twitter.com\/gi_cn<\/strong><\/p>\n<p class=\"MsoNormal\">\n","protected":false},"excerpt":{"rendered":"<p>Um diferente do outro e todos diferentes de mim. Pensando nisso descobri que \u00e9 justamente nessa diferen\u00e7a que Deus nos completa para sermos o que de fato Ele tem para n\u00f3s. Amizades verdadeiras que nem o tempo nem a dist\u00e2ncia&#8230;<\/p>\n","protected":false},"author":511,"featured_media":0,"comment_status":"open","ping_status":"open","sticky":false,"template":"","format":"standard","meta":{"_mi_skip_tracking":false,"_monsterinsights_sitenote_active":false,"_monsterinsights_sitenote_note":"","_monsterinsights_sitenote_category":0,"footnotes":""},"categories":[23],"tags":[111,15975,25001,3,261],"_links":{"self":[{"href":"https:\/\/blog.cancaonova.com\/riodejaneiro\/wp-json\/wp\/v2\/posts\/4761"}],"collection":[{"href":"https:\/\/blog.cancaonova.com\/riodejaneiro\/wp-json\/wp\/v2\/posts"}],"about":[{"href":"https:\/\/blog.cancaonova.com\/riodejaneiro\/wp-json\/wp\/v2\/types\/post"}],"author":[{"embeddable":true,"href":"https:\/\/blog.cancaonova.com\/riodejaneiro\/wp-json\/wp\/v2\/users\/511"}],"replies":[{"embeddable":true,"href":"https:\/\/blog.cancaonova.com\/riodejaneiro\/wp-json\/wp\/v2\/comments?post=4761"}],"version-history":[{"count":7,"href":"https:\/\/blog.cancaonova.com\/riodejaneiro\/wp-json\/wp\/v2\/posts\/4761\/revisions"}],"predecessor-version":[{"id":7110,"href":"https:\/\/blog.cancaonova.com\/riodejaneiro\/wp-json\/wp\/v2\/posts\/4761\/revisions\/7110"}],"wp:attachment":[{"href":"https:\/\/blog.cancaonova.com\/riodejaneiro\/wp-json\/wp\/v2\/media?parent=4761"}],"wp:term":[{"taxonomy":"category","embeddable":true,"href":"https:\/\/blog.cancaonova.com\/riodejaneiro\/wp-json\/wp\/v2\/categories?post=4761"},{"taxonomy":"post_tag","embeddable":true,"href":"https:\/\/blog.cancaonova.com\/riodejaneiro\/wp-json\/wp\/v2\/tags?post=4761"}],"curies":[{"name":"wp","href":"https:\/\/api.w.org\/{rel}","templated":true}]}}