{"id":8627,"date":"2015-01-15T13:41:33","date_gmt":"2015-01-15T16:41:33","guid":{"rendered":"http:\/\/blog.cancaonova.com\/riodejaneiro\/?p=8627"},"modified":"2015-02-12T13:56:30","modified_gmt":"2015-02-12T16:56:30","slug":"cancao-nova-rio-realiza-rebanhao-de-carnaval","status":"publish","type":"post","link":"https:\/\/blog.cancaonova.com\/riodejaneiro\/cancao-nova-rio-realiza-rebanhao-de-carnaval\/","title":{"rendered":"Can\u00e7\u00e3o Nova Rio realiza Rebanh\u00e3o de Carnaval"},"content":{"rendered":"<p style=\"text-align: center\"><img loading=\"lazy\" decoding=\"async\" class=\"alignleft size-medium wp-image-8628\" src=\"http:\/\/blog.cancaonova.com\/riodejaneiro\/files\/2015\/01\/Carnaval-300x268.jpg\" alt=\"Carnaval\" width=\"300\" height=\"268\" srcset=\"https:\/\/blog.cancaonova.com\/riodejaneiro\/files\/2015\/01\/Carnaval-300x268.jpg 300w, https:\/\/blog.cancaonova.com\/riodejaneiro\/files\/2015\/01\/Carnaval.jpg 607w\" sizes=\"(max-width: 300px) 100vw, 300px\" \/><span style=\"text-decoration: underline\"><strong>Rebanh\u00e3o de Carnaval Can\u00e7\u00e3o Nova Rio<\/strong><\/span><\/p>\n<p style=\"text-align: center\"><strong><em>\u201cPara que a vossa alegria seja completa\u201d. Jo 16-24<\/em><\/strong><\/p>\n<p>A miss\u00e3o Can\u00e7\u00e3o Nova Rio tem novidade para voc\u00ea!<\/p>\n<p>Entre os dias 14 e 17 de fevereiro acontecer\u00e1 o Rebanh\u00e3o de Carnaval CN Rio na par\u00f3quia S\u00e3o Jos\u00e9 Oper\u00e1rio, localizado na rua Bar\u00e3o de Triunfo, 393 em Realengo.<\/p>\n<p>Saiba mais sobre a <a href=\"http:\/\/blog.cancaonova.com\/riodejaneiro\/programacao-do-retiro-da-carnaval\/\">programa\u00e7\u00e3o<\/a><br \/>\n<!--more-->A programa\u00e7\u00e3o contar\u00e1 com momentos de anima\u00e7\u00e3o; prega\u00e7\u00e3o com a mission\u00e1ria da comunidade Can\u00e7\u00e3o Nova Magda Ishikwa; Adora\u00e7\u00e3o ao Sant\u00edssimo Sacramento; shows com o grupo Sambadorando, Junior Alves e Minist\u00e9rio Haguid\u00e9ni, Ter\u00e7o da Miseric\u00f3rdia e Santa Missa celebrada pelo Pe Jorge Carreira (S\u00e1bado), Pe Jorge Luiz (Domingo), Dom Orani (Segunda) e Dom Roberto (Ter\u00e7a).<\/p>\n<p>Ser\u00e1 um grande momento de ora\u00e7\u00e3o, partilha e alegria na presen\u00e7a do Senhor e assim juntos declararmos: Para que a vossa alegria seja completa\u201d. Jo 16-24<\/p>\n<p>Esperamos por voc\u00ea!<\/p>\n<p>O evento \u00e9 gratuito e n\u00e3o \u00e9 necess\u00e1rio fazer inscri\u00e7\u00e3o. Ser\u00e3o arrecadados alimentos n\u00e3o perec\u00edveis.<\/p>\n<p><a href=\"http:\/\/blog.cancaonova.com\/riodejaneiro\/como-chegar-no-retiro-de-carnaval-no-rj\/\">\u00a0:: Saiba como chegar no nosso retiro<\/a><\/p>\n<p>Servi\u00e7o:<\/p>\n<p>Rebanh\u00e3o de Carnaval<\/p>\n<p>Data: 14 \u00e0 17 de Fevereiro<\/p>\n<p>Hor\u00e1rio: 14\/01 (S\u00e1b) \u00e0s 14h e 15 \u00e0 17 (Dom, Seg e Ter) \u00e0s 8h30<\/p>\n<p>Local: Par\u00f3quia S\u00e3o Jos\u00e9 Oper\u00e1rio Endere\u00e7o: Rua Bar\u00e3o de Triunfo, 393 &#8211; Realengo \u2013 Rio de Janeiro<\/p>\n<p>Informa\u00e7\u00f5es: 3171-1060 ou pelo site: rio.cancaonova.com<\/p>\n<p>&nbsp;<\/p>\n<p>Siga-nos:<\/p>\n<p>Twitter: @cnrio<\/p>\n<p>Facebook: www.facebook.com\/cnrio<\/p>\n<p>&nbsp;<\/p>\n","protected":false},"excerpt":{"rendered":"<p>Rebanh\u00e3o de Carnaval Can\u00e7\u00e3o Nova Rio \u201cPara que a vossa alegria seja completa\u201d. Jo 16-24 A miss\u00e3o Can\u00e7\u00e3o Nova Rio tem novidade para voc\u00ea! Entre os dias 14 e 17 de fevereiro acontecer\u00e1 o Rebanh\u00e3o de Carnaval CN Rio na&#8230;<\/p>\n","protected":false},"author":511,"featured_media":0,"comment_status":"open","ping_status":"open","sticky":false,"template":"","format":"standard","meta":{"_mi_skip_tracking":false,"_monsterinsights_sitenote_active":false,"_monsterinsights_sitenote_note":"","_monsterinsights_sitenote_category":0,"footnotes":""},"categories":[19],"tags":[],"_links":{"self":[{"href":"https:\/\/blog.cancaonova.com\/riodejaneiro\/wp-json\/wp\/v2\/posts\/8627"}],"collection":[{"href":"https:\/\/blog.cancaonova.com\/riodejaneiro\/wp-json\/wp\/v2\/posts"}],"about":[{"href":"https:\/\/blog.cancaonova.com\/riodejaneiro\/wp-json\/wp\/v2\/types\/post"}],"author":[{"embeddable":true,"href":"https:\/\/blog.cancaonova.com\/riodejaneiro\/wp-json\/wp\/v2\/users\/511"}],"replies":[{"embeddable":true,"href":"https:\/\/blog.cancaonova.com\/riodejaneiro\/wp-json\/wp\/v2\/comments?post=8627"}],"version-history":[{"count":4,"href":"https:\/\/blog.cancaonova.com\/riodejaneiro\/wp-json\/wp\/v2\/posts\/8627\/revisions"}],"predecessor-version":[{"id":8809,"href":"https:\/\/blog.cancaonova.com\/riodejaneiro\/wp-json\/wp\/v2\/posts\/8627\/revisions\/8809"}],"wp:attachment":[{"href":"https:\/\/blog.cancaonova.com\/riodejaneiro\/wp-json\/wp\/v2\/media?parent=8627"}],"wp:term":[{"taxonomy":"category","embeddable":true,"href":"https:\/\/blog.cancaonova.com\/riodejaneiro\/wp-json\/wp\/v2\/categories?post=8627"},{"taxonomy":"post_tag","embeddable":true,"href":"https:\/\/blog.cancaonova.com\/riodejaneiro\/wp-json\/wp\/v2\/tags?post=8627"}],"curies":[{"name":"wp","href":"https:\/\/api.w.org\/{rel}","templated":true}]}}