{"id":8668,"date":"2015-01-29T10:39:13","date_gmt":"2015-01-29T13:39:13","guid":{"rendered":"http:\/\/blog.cancaonova.com\/riodejaneiro\/?p=8668"},"modified":"2015-01-29T14:12:09","modified_gmt":"2015-01-29T17:12:09","slug":"voce-tem-um-amigo-de-verdade","status":"publish","type":"post","link":"https:\/\/blog.cancaonova.com\/riodejaneiro\/voce-tem-um-amigo-de-verdade\/","title":{"rendered":"Voc\u00ea tem um amigo de verdade?"},"content":{"rendered":"<p style=\"text-align: justify\"><em>\u201cJ\u00e1 n\u00e3o vos chamo de servos, porque o servo n\u00e3o sabe o que faz o seu Senhor. Eu vos chamo de amigos, porque vos dei a conhecer tudo o que ouvi de meu Pai\u201d<\/em> (Jo 15,15).<\/p>\n<p><a href=\"http:\/\/blog.cancaonova.com\/riodejaneiro\/files\/2015\/01\/amizade_materia.jpg\"><img loading=\"lazy\" decoding=\"async\" class=\"alignleft wp-image-8671 size-full\" src=\"http:\/\/blog.cancaonova.com\/riodejaneiro\/files\/2015\/01\/amizade_materia.jpg\" alt=\"\" width=\"300\" height=\"225\" \/><\/a><\/p>\n<p style=\"text-align: justify\">Jesus \u00e9 o maior e o melhor de todos os amigos. Ele quis ser nosso amigo; a iniciativa \u00e9 dele.<\/p>\n<p style=\"text-align: justify\">Por melhor que sejam os nossos amigos, nenhuma amizade se compara a que temos com Jesus. Ele deve ser o nosso primeiro amigo, e todas as outras amizades devem ser baseadas nele. A verdadeira amizade tem Deus como fonte, afora isso tudo \u00e9 cumplicidade.<!--more--><\/p>\n<p style=\"text-align: justify\">Pe\u00e7amos a Nossa Senhora que nos ensine a ser verdadeiros amigos de Jesus e a fazer tudo o que Ele nos disser.<\/p>\n<p style=\"text-align: justify\">Jesus, eu confio em V\u00f3s!<\/p>\n<p style=\"text-align: justify\"><strong>Luzia Santiago<\/strong><br \/>\nCo-fundadora da Comunidade Can\u00e7\u00e3o Nova<\/p>\n","protected":false},"excerpt":{"rendered":"<p>\u201cJ\u00e1 n\u00e3o vos chamo de servos, porque o servo n\u00e3o sabe o que faz o seu Senhor. Eu vos chamo de amigos, porque vos dei a conhecer tudo o que ouvi de meu Pai\u201d (Jo 15,15). Jesus \u00e9 o maior&#8230;<\/p>\n","protected":false},"author":511,"featured_media":0,"comment_status":"open","ping_status":"open","sticky":false,"template":"","format":"standard","meta":{"_mi_skip_tracking":false,"_monsterinsights_sitenote_active":false,"_monsterinsights_sitenote_note":"","_monsterinsights_sitenote_category":0,"footnotes":""},"categories":[23],"tags":[20168,5011,34728,10351],"_links":{"self":[{"href":"https:\/\/blog.cancaonova.com\/riodejaneiro\/wp-json\/wp\/v2\/posts\/8668"}],"collection":[{"href":"https:\/\/blog.cancaonova.com\/riodejaneiro\/wp-json\/wp\/v2\/posts"}],"about":[{"href":"https:\/\/blog.cancaonova.com\/riodejaneiro\/wp-json\/wp\/v2\/types\/post"}],"author":[{"embeddable":true,"href":"https:\/\/blog.cancaonova.com\/riodejaneiro\/wp-json\/wp\/v2\/users\/511"}],"replies":[{"embeddable":true,"href":"https:\/\/blog.cancaonova.com\/riodejaneiro\/wp-json\/wp\/v2\/comments?post=8668"}],"version-history":[{"count":5,"href":"https:\/\/blog.cancaonova.com\/riodejaneiro\/wp-json\/wp\/v2\/posts\/8668\/revisions"}],"predecessor-version":[{"id":8675,"href":"https:\/\/blog.cancaonova.com\/riodejaneiro\/wp-json\/wp\/v2\/posts\/8668\/revisions\/8675"}],"wp:attachment":[{"href":"https:\/\/blog.cancaonova.com\/riodejaneiro\/wp-json\/wp\/v2\/media?parent=8668"}],"wp:term":[{"taxonomy":"category","embeddable":true,"href":"https:\/\/blog.cancaonova.com\/riodejaneiro\/wp-json\/wp\/v2\/categories?post=8668"},{"taxonomy":"post_tag","embeddable":true,"href":"https:\/\/blog.cancaonova.com\/riodejaneiro\/wp-json\/wp\/v2\/tags?post=8668"}],"curies":[{"name":"wp","href":"https:\/\/api.w.org\/{rel}","templated":true}]}}