{"id":8713,"date":"2015-02-03T08:50:53","date_gmt":"2015-02-03T11:50:53","guid":{"rendered":"http:\/\/blog.cancaonova.com\/riodejaneiro\/?p=8713"},"modified":"2015-02-03T08:50:53","modified_gmt":"2015-02-03T11:50:53","slug":"carnaval-real-ou-fantasia","status":"publish","type":"post","link":"https:\/\/blog.cancaonova.com\/riodejaneiro\/carnaval-real-ou-fantasia\/","title":{"rendered":"Carnaval, real ou fantasia?"},"content":{"rendered":"<p style=\"text-align: justify\"><strong>Carnaval tamb\u00e9m \u00e9 momento de se aproximar de Deus<\/strong><\/p>\n<p style=\"text-align: justify\"><a href=\"https:\/\/www.google.com\/url?q=http:\/\/wiki.cancaonova.com\/index.php\/Carnaval&amp;sa=U&amp;ei=loTPVK7yIpTbsAStnYLQDA&amp;ved=0CAkQFjAD&amp;client=internal-uds-cse&amp;usg=AFQjCNFrAjY7DBBDhNsflGyRkqo2zT8Npw\">Carnaval <\/a>\u00e9 um momento anterior ao in\u00edcio da <a href=\"https:\/\/www.google.com\/url?q=http:\/\/wiki.cancaonova.com\/index.php\/Quaresma&amp;sa=U&amp;ei=H4XPVIrmHOi0sATWioGgAg&amp;ved=0CAYQFjAA&amp;client=internal-uds-cse&amp;usg=AFQjCNF-ou9nKOeNxswX_4ChYJSCbyCemg\">Quaresma<\/a>. Sua origem n\u00e3o \u00e9 un\u00e2nime, assim como n\u00e3o o \u00e9 o significado de sua palavra, pois alguns dizem que a palavra deriva de <em>carne vale<\/em> (adeus carne), e outros de <em>carne levamen<\/em> (supress\u00e3o da carne), uma vez que a Quaresma, per\u00edodo de reflex\u00e3o espiritual, por ser uma \u00e9poca de maior viv\u00eancia do jejum e abstin\u00eancia, de 40 dias, precisaria de uma prepara\u00e7\u00e3o, um momento &#8220;prazeroso&#8221; de &#8220;engorda&#8221;, como uma prepara\u00e7\u00e3o para o momento de interioriza\u00e7\u00e3o.<\/p>\n<p style=\"text-align: justify\"><a href=\"http:\/\/blog.cancaonova.com\/riodejaneiro\/files\/2015\/02\/carnaval.jpg\"><img loading=\"lazy\" decoding=\"async\" class=\"aligncenter size-full wp-image-8716\" src=\"http:\/\/blog.cancaonova.com\/riodejaneiro\/files\/2015\/02\/carnaval.jpg\" alt=\"retiro de carnaval\" width=\"851\" height=\"300\" srcset=\"https:\/\/blog.cancaonova.com\/riodejaneiro\/files\/2015\/02\/carnaval.jpg 851w, https:\/\/blog.cancaonova.com\/riodejaneiro\/files\/2015\/02\/carnaval-300x105.jpg 300w\" sizes=\"(max-width: 851px) 100vw, 851px\" \/><\/a><\/p>\n<p style=\"text-align: justify\"><!--more Leia mais-->O nome sugestivo Carnaval impulsiona para que as pessoas aproveitem esse tempo para comer ao m\u00e1ximo e aproveitar ao m\u00e1ximo a vida, para ent\u00e3o entrar no per\u00edodo de retorno a Deus, ora\u00e7\u00e3o e santidade. No Carnaval, as m\u00e1scaras carnavalescas permitem \u00e0s pessoas se esconder das atitudes que t\u00eam, dos pecados que cometem, como que n\u00e3o querendo se mostrar como respons\u00e1vel pelos pecados que est\u00e3o sendo cometidos. Como que dizendo que um &#8220;outro eu&#8221; \u00e9 quem est\u00e1 fazendo tudo aquilo<\/p>\n<p style=\"text-align: justify\">Esse momento, tem sido vendido para n\u00f3s como um tempo de esb\u00f3rnia e bebedeira, quando, cada vez mais, as pessoas t\u00eam buscado a satisfa\u00e7\u00e3o prazerosa, onde a frase &#8220;tudo \u00e9 permitido&#8221; tem sido muito proclamada e divulgada.<\/p>\n<p style=\"text-align: justify\">Tornou-se um tempo de fantasia, isto \u00e9, que n\u00e3o corresponde \u00e0 realidade, mas que \u00e9 fruto da imagina\u00e7\u00e3o, onde os sonhos pecaminosos tentam vir para fora para se tornarem realidade atrav\u00e9s de um eu\u00a0fict\u00edcio, com m\u00e1scaras para mostrar que n\u00e3o \u00e9 o eu real\u00a0que est\u00e1 realizando aquilo.<\/p>\n<p style=\"text-align: justify\">Mas esse tempo de fantasia deixa marcas, pois nossa identidade real\u00a0nunca se desvincula de n\u00f3s. N\u00e3o \u00e9 como um objeto que deixamos na gaveta por 4 dias, e, depois, no 5\u00ba dia, pegamos de volta. N\u00e3o, interiormente nosso eu\u00a0\u00e9 muito machucado, confrontado com atitudes que n\u00e3o dizem de n\u00f3s, da nossa raiz, do nosso interior.<\/p>\n<p style=\"text-align: justify\">O <a href=\"https:\/\/www.google.com\/url?q=http:\/\/papa.cancaonova.com\/bento-xvi\/&amp;sa=U&amp;ei=ToXPVLrrEIKryATf04DYBg&amp;ved=0CAYQFjAB&amp;client=internal-uds-cse&amp;usg=AFQjCNE-ne3K3CZT6nKDUoKlSfyvpIvTfw\">Papa Bento XVI <\/a>diz que &#8220;o real \u00e9 o espiritual&#8221;. Com isso, essa oportunidade de pecado que damos com o Carnaval, que pensamos ser uma simples fantasia, um simples momento, d\u00e1 oportunidade para que o Real, que \u00e9 o espiritual, o maligno, possa agir gerando marcas, dores, ang\u00fastias, pois essa fantasia n\u00e3o preenche, mas, ao contr\u00e1rio, afasta-nos de quem nos preenche.<\/p>\n<p style=\"text-align: justify\">O real, que \u00e9 o oposto da fantasia, significa aquilo que existe de fato; verdadeiro. Bem irm\u00e3os, o real\u00a0\u00e9 que Deus nos fez para Ele e nosso cora\u00e7\u00e3o sempre estar\u00e1 inquieto enquanto n\u00e3o repousar Nele, como dizia <a href=\"https:\/\/www.google.com\/url?q=http:\/\/blog.cancaonova.com\/felipeaquino\/tag\/santo-agostinho\/&amp;sa=U&amp;ei=Z4XPVIvkMfeZsQT2n4LYDw&amp;ved=0CAgQFjAC&amp;client=internal-uds-cse&amp;usg=AFQjCNHlrytPapnJczb6no0JxEBDCosBRQ\">Santo Agostinho<\/a>. Esse \u00e9 o real\u00a0que precisamos viver, mesmo no Carnaval, retirando as m\u00e1scaras reais, ou as m\u00e1scaras que n\u00e3o combinem com o eu real\u00a0que somos.<\/p>\n<div id=\"attachment_8715\" style=\"width: 235px\" class=\"wp-caption alignleft\"><a href=\"http:\/\/blog.cancaonova.com\/riodejaneiro\/files\/2015\/02\/junior.jpg\"><img loading=\"lazy\" decoding=\"async\" aria-describedby=\"caption-attachment-8715\" class=\"wp-image-8715 size-full\" src=\"http:\/\/blog.cancaonova.com\/riodejaneiro\/files\/2015\/02\/junior.jpg\" alt=\"carnaval rio de janeiro\" width=\"225\" height=\"225\" srcset=\"https:\/\/blog.cancaonova.com\/riodejaneiro\/files\/2015\/02\/junior.jpg 225w, https:\/\/blog.cancaonova.com\/riodejaneiro\/files\/2015\/02\/junior-150x150.jpg 150w, https:\/\/blog.cancaonova.com\/riodejaneiro\/files\/2015\/02\/junior-144x144.jpg 144w\" sizes=\"(max-width: 225px) 100vw, 225px\" \/><\/a><p id=\"caption-attachment-8715\" class=\"wp-caption-text\">Mission\u00e1rio da Can\u00e7\u00e3o Nova<\/p><\/div>\n<p style=\"text-align: justify\">Veja que real\u00a0tamb\u00e9m tem um outro sentido: pertencente ou relativo ao rei ou \u00e0 realeza, ou pr\u00f3prio dele ou dela. Somos filho do Rei, somos da Realeza e n\u00e3o condiz com membros da realeza comer qualquer alimento. Precisamos comer alimento que nos fa\u00e7a crescer, que nos fa\u00e7a melhorar, que gere vida em n\u00f3s, mas o que temos visto \u00e9 que o Carnaval tem entrado em nossas mentes incentivando-nos para vivermos somente a Fantasia e isso tem destru\u00eddo o interior daqueles que &#8220;compram&#8221; essa informa\u00e7\u00e3o.<\/p>\n<p style=\"text-align: justify\">Venho convid\u00e1-lo a dar uma resposta diferente. Fa\u00e7a desse Carnaval um momento de se aproximar de Deus para buscar for\u00e7as para bem viver a Quaresma, para bem viver esse tempo t\u00e3o rico de estar mais pr\u00f3ximo de Deus: venha para o <a href=\"http:\/\/blog.cancaonova.com\/riodejaneiro\/cancao-nova-rio-realiza-rebanhao-de-carnaval\/\">retiro de Carnaval da Can\u00e7\u00e3o Nova<\/a>, no\u00a0Rio de Janeiro, onde viveremos essa prepara\u00e7\u00e3o, onde ruminaremos a Palavra de Deus para que Ele venha nos encher de gra\u00e7a, alegria e amor.<\/p>\n<p style=\"text-align: justify\">Deus aben\u00e7oe!<\/p>\n<p style=\"text-align: justify\"><strong>Junior Alves<\/strong><br \/>\nSegundo Elo da Comunidade Can\u00e7\u00e3o Nova<\/p>\n<hr \/>\n<p>Rebanh\u00e3o de Carnaval &#8211; Rio de Janeiro<\/p>\n<p><strong>Data:<\/strong> 14 \u00e0 17 de Fevereiro<\/p>\n<p><strong>Hor\u00e1rio:<\/strong> 14\/01 (S\u00e1b) \u00e0s 14h e 15 \u00e0 17 (Dom, Seg e Ter) \u00e0s 8h30<\/p>\n<p><strong>Local:<\/strong> Par\u00f3quia S\u00e3o Jos\u00e9 Oper\u00e1rio<\/p>\n<p><strong>Endere\u00e7o<\/strong>: Rua Bar\u00e3o de Triunfo, 393 \u2013 Realengo \u2013 Rio de Janeiro<\/p>\n<p><strong>Informa\u00e7\u00f5es:<\/strong> 3171-1060 ou pelo site: rio.cancaonova.com<\/p>\n","protected":false},"excerpt":{"rendered":"<p>Carnaval tamb\u00e9m \u00e9 momento de se aproximar de Deus Carnaval \u00e9 um momento anterior ao in\u00edcio da Quaresma. Sua origem n\u00e3o \u00e9 un\u00e2nime, assim como n\u00e3o o \u00e9 o significado de sua palavra, pois alguns dizem que a palavra deriva&#8230;<\/p>\n","protected":false},"author":511,"featured_media":0,"comment_status":"open","ping_status":"open","sticky":false,"template":"","format":"standard","meta":{"_mi_skip_tracking":false,"_monsterinsights_sitenote_active":false,"_monsterinsights_sitenote_note":"","_monsterinsights_sitenote_category":0,"footnotes":""},"categories":[19],"tags":[],"_links":{"self":[{"href":"https:\/\/blog.cancaonova.com\/riodejaneiro\/wp-json\/wp\/v2\/posts\/8713"}],"collection":[{"href":"https:\/\/blog.cancaonova.com\/riodejaneiro\/wp-json\/wp\/v2\/posts"}],"about":[{"href":"https:\/\/blog.cancaonova.com\/riodejaneiro\/wp-json\/wp\/v2\/types\/post"}],"author":[{"embeddable":true,"href":"https:\/\/blog.cancaonova.com\/riodejaneiro\/wp-json\/wp\/v2\/users\/511"}],"replies":[{"embeddable":true,"href":"https:\/\/blog.cancaonova.com\/riodejaneiro\/wp-json\/wp\/v2\/comments?post=8713"}],"version-history":[{"count":5,"href":"https:\/\/blog.cancaonova.com\/riodejaneiro\/wp-json\/wp\/v2\/posts\/8713\/revisions"}],"predecessor-version":[{"id":8720,"href":"https:\/\/blog.cancaonova.com\/riodejaneiro\/wp-json\/wp\/v2\/posts\/8713\/revisions\/8720"}],"wp:attachment":[{"href":"https:\/\/blog.cancaonova.com\/riodejaneiro\/wp-json\/wp\/v2\/media?parent=8713"}],"wp:term":[{"taxonomy":"category","embeddable":true,"href":"https:\/\/blog.cancaonova.com\/riodejaneiro\/wp-json\/wp\/v2\/categories?post=8713"},{"taxonomy":"post_tag","embeddable":true,"href":"https:\/\/blog.cancaonova.com\/riodejaneiro\/wp-json\/wp\/v2\/tags?post=8713"}],"curies":[{"name":"wp","href":"https:\/\/api.w.org\/{rel}","templated":true}]}}