{"id":8739,"date":"2015-02-09T07:00:37","date_gmt":"2015-02-09T10:00:37","guid":{"rendered":"http:\/\/blog.cancaonova.com\/riodejaneiro\/?p=8739"},"modified":"2015-02-10T08:05:03","modified_gmt":"2015-02-10T11:05:03","slug":"cultivar-a-alegria-no-carnaval","status":"publish","type":"post","link":"https:\/\/blog.cancaonova.com\/riodejaneiro\/cultivar-a-alegria-no-carnaval\/","title":{"rendered":"Cultivar a alegria no Carnaval"},"content":{"rendered":"<p><strong>Como falar de alegria quando estamos tristes, desanimados e sem esperan\u00e7a?<\/strong><\/p>\n<p><a href=\"http:\/\/blog.cancaonova.com\/riodejaneiro\/files\/2015\/02\/alegria-no-carnaval.png\"><img loading=\"lazy\" decoding=\"async\" class=\"alignright wp-image-8740 size-medium\" src=\"http:\/\/blog.cancaonova.com\/riodejaneiro\/files\/2015\/02\/alegria-no-carnaval-238x300.png\" alt=\"alegria no carnaval\" width=\"238\" height=\"300\" srcset=\"https:\/\/blog.cancaonova.com\/riodejaneiro\/files\/2015\/02\/alegria-no-carnaval-238x300.png 238w, https:\/\/blog.cancaonova.com\/riodejaneiro\/files\/2015\/02\/alegria-no-carnaval.png 300w\" sizes=\"(max-width: 238px) 100vw, 238px\" \/><\/a>Sei o quanto\u00a0\u00e9 dif\u00edcil quando estamos sem for\u00e7as algu\u00e9m pedir que voltemos a ficar alegres. Para quem est\u00e1 sofrendo, pedir <a href=\"https:\/\/www.google.com\/url?q=http:\/\/formacao.cancaonova.com\/liturgia\/tempo-liturgico\/advento\/alegria-no-senhor\/&amp;sa=U&amp;ei=zGLTVLqpEaTlsASJooDIDA&amp;ved=0CA0QFjAE&amp;client=internal-uds-cse&amp;usg=AFQjCNEDTHwMkuz3reM2JqMfMLwqeCUefg\">alegria <\/a>\u00e9 uma miss\u00e3o quase imposs\u00edvel. N\u00e3o que se deseje ficar triste, ao contr\u00e1rio, queremos nossa alegria de volta. Mas, a pergunta que \u00e9: como? Como reencontrar a paz perdida, a solu\u00e7\u00e3o para um problema complicado? Como <a href=\"https:\/\/www.google.com\/url?q=http:\/\/destrave.cancaonova.com\/cinco-dicas-para-conseguir-perdoar\/&amp;sa=U&amp;ei=6WLTVPqvG6PfsASy74GwCg&amp;ved=0CAcQFjAC&amp;client=internal-uds-cse&amp;usg=AFQjCNFoMXXo_fQtGgH_3mRf6sTxNWyx4g\">perdoar <\/a>um amigo que nos decepcionou, a confian\u00e7a ap\u00f3s uma trai\u00e7\u00e3o? Como n\u00e3o perder a f\u00e9 em meio \u00e0s derrotas da vida?<\/p>\n<p><a href=\"http:\/\/blog.cancaonova.com\/riodejaneiro\/cancao-nova-rio-realiza-rebanhao-de-carnaval\/\">:: Retiro de Carnaval da Can\u00e7\u00e3o Nova (RJ)<\/a><\/p>\n<p>Muitas vezes, o resultado da tristeza \u00e9 uma mente agitada em busca de solu\u00e7\u00e3o. \u00c9 como estar perdido em um labirinto buscando o caminho certo, mas se d\u00e1 conta que continua no mesmo lugar.<\/p>\n<p>Ao chegar nesse est\u00e1gio, v\u00e1rias podem ser as conseq\u00fc\u00eancias: uma delas \u00e9 afastar-se da presen\u00e7a de Deus, pois se tem a sensa\u00e7\u00e3o de que com a mente t\u00e3o agitada \u00e9 imposs\u00edvel <a href=\"https:\/\/www.google.com\/url?q=http:\/\/blog.cancaonova.com\/felipeaquino\/tag\/rezar\/&amp;sa=U&amp;ei=-mLTVJOFC-fLsATRzoDAAQ&amp;ved=0CAUQFjAA&amp;client=internal-uds-cse&amp;usg=AFQjCNGpj0bo1xEC-FMZy1VbF1iHMq8gUg\">rezar<\/a>. Logo, vamos nos complicando ainda mais&#8230; Deixamos os sacramentos e permitimos que nosso cora\u00e7\u00e3o fique pesado, frio, amargurado.<\/p>\n<p>Impedimos que o amor suavize nossos fardos e nos afastamos das pessoas que realmente nos querem bem, trocamos os amigos que falharam por &#8220;novos amigos&#8221; que acreditamos serem melhores. Quando na verdade estamos escondendo nossas feridas e tristeza com ilus\u00f5es passageiras. Ao inv\u00e9s de continuar buscando a sa\u00edda do labirinto nos conformamos em viver perdidos ali dentro.<!--more Leia mais--><\/p>\n<p>A primeira atitude para recuperarmos nossa alegria verdadeira \u00e9 ter a coragem de assumir a real condi\u00e7\u00e3o da alma. Durante o Carnaval escondemos a tristeza atr\u00e1s de fantasias, ou seja, em algo que n\u00e3o \u00e9 real e verdadeiro.<\/p>\n<p><a href=\"http:\/\/blog.cancaonova.com\/riodejaneiro\/carnaval-real-ou-fantasia\/\">:: Carnaval, real ou fantasia?<\/a><\/p>\n<p>O segundo passo \u00e9 permitir que o Amor volte a correr dentro de si mesmo, loucura? Com certeza! Mas s\u00f3 o Amor nos ensina que \u00e9 poss\u00edvel perdoar quem nos feriu. Para n\u00f3s crist\u00e3os esse Amor \u00e9 uma pessoa e tem um nome: <a href=\"https:\/\/www.google.com\/url?q=http:\/\/blog.cancaonova.com\/felipeaquino\/tag\/jesus\/&amp;sa=U&amp;ei=RGPTVLHeCPaasQSiwYCoAg&amp;ved=0CAoQFjAD&amp;client=internal-uds-cse&amp;usg=AFQjCNHm0QWZ__X_faA8M9RshWvwpt2PNA\">Jesus<\/a>.<\/p>\n<p>J\u00e1 percebeu como tentamos de tudo para sair da fossa? Vamos atr\u00e1s de novas experi\u00eancias, buscamos outras pessoas para nos relacionarmos, vamos a festas, ficamos embriagados, mas pensando que Deus vai retirar nossa alegria n\u00e3o O buscamos. Por\u00e9m Jesus nos fala: \u201cAt\u00e9 agora n\u00e3o pedistes nada em meu nome. Pedi e recebereis, para que a vossa alegria seja perfeita\u201d. (Jo 16,24).<\/p>\n<p>Do que voc\u00ea est\u00e1 precisando? Onde precisa de ajuda? Fa\u00e7a a experi\u00eancia agora mesmo de pedir a Jesus o que necessita, de entregar suas dores a Ele. Jesus que se encarnou para se fazer um com a humanidade sabe das nossas fraquezas e tristezas, deixe que Ele possa curar seu cora\u00e7\u00e3o e devolver a verdadeira alegria, alegria em perfei\u00e7\u00e3o!<\/p>\n<p><strong>Magda Ishikawa<br \/>\n<\/strong>Mission\u00e1ria da Comunidade Can\u00e7\u00e3o Nova<\/p>\n<div class=\"fwn fcg\"><\/div>\n<div class=\"fwn fcg\"><\/div>\n<div id=\"js_2\" class=\"_5pcp\"><\/div>\n<p><strong>Veja mais:<\/strong><\/p>\n<ul>\n<li><a href=\"https:\/\/www.google.com\/url?q=http:\/\/wiki.cancaonova.com\/index.php\/Carnaval&amp;sa=U&amp;ei=W1_TVK6DKOjLsATlz4LQDA&amp;ved=0CAgQFjAB&amp;client=internal-uds-cse&amp;usg=AFQjCNHkyhW4LDgWL5q3Go69u51ARx5yGA\">O que significa o Carnaval?<\/a><\/li>\n<li><a href=\"https:\/\/www.google.com\/url?q=http:\/\/formacao.cancaonova.com\/diversos\/carnaval-e-o-cristianismo\/&amp;sa=U&amp;ei=W1_TVK6DKOjLsATlz4LQDA&amp;ved=0CAsQFjAE&amp;client=internal-uds-cse&amp;usg=AFQjCNHe2C2XS6LTaAQjkQGJ8Ctegfocjg\">Carnaval e o cristianismo<\/a><\/li>\n<li><a href=\"https:\/\/www.google.com\/url?q=http:\/\/formacao.cancaonova.com\/diversos\/os-valores-cristaos-e-o-carnaval\/&amp;sa=U&amp;ei=W1_TVK6DKOjLsATlz4LQDA&amp;ved=0CBQQFjAJ&amp;client=internal-uds-cse&amp;usg=AFQjCNF_GdpNVbx-02Ys2ZEEQvCA-YH7Dg\">Os valores crist\u00e3os e o Carnaval<\/a><\/li>\n<\/ul>\n","protected":false},"excerpt":{"rendered":"<p>Como falar de alegria quando estamos tristes, desanimados e sem esperan\u00e7a? Sei o quanto\u00a0\u00e9 dif\u00edcil quando estamos sem for\u00e7as algu\u00e9m pedir que voltemos a ficar alegres. Para quem est\u00e1 sofrendo, pedir alegria \u00e9 uma miss\u00e3o quase imposs\u00edvel. N\u00e3o que se&#8230;<\/p>\n","protected":false},"author":511,"featured_media":0,"comment_status":"open","ping_status":"open","sticky":false,"template":"","format":"standard","meta":{"_mi_skip_tracking":false,"_monsterinsights_sitenote_active":false,"_monsterinsights_sitenote_note":"","_monsterinsights_sitenote_category":0,"footnotes":""},"categories":[19,23],"tags":[],"_links":{"self":[{"href":"https:\/\/blog.cancaonova.com\/riodejaneiro\/wp-json\/wp\/v2\/posts\/8739"}],"collection":[{"href":"https:\/\/blog.cancaonova.com\/riodejaneiro\/wp-json\/wp\/v2\/posts"}],"about":[{"href":"https:\/\/blog.cancaonova.com\/riodejaneiro\/wp-json\/wp\/v2\/types\/post"}],"author":[{"embeddable":true,"href":"https:\/\/blog.cancaonova.com\/riodejaneiro\/wp-json\/wp\/v2\/users\/511"}],"replies":[{"embeddable":true,"href":"https:\/\/blog.cancaonova.com\/riodejaneiro\/wp-json\/wp\/v2\/comments?post=8739"}],"version-history":[{"count":13,"href":"https:\/\/blog.cancaonova.com\/riodejaneiro\/wp-json\/wp\/v2\/posts\/8739\/revisions"}],"predecessor-version":[{"id":8756,"href":"https:\/\/blog.cancaonova.com\/riodejaneiro\/wp-json\/wp\/v2\/posts\/8739\/revisions\/8756"}],"wp:attachment":[{"href":"https:\/\/blog.cancaonova.com\/riodejaneiro\/wp-json\/wp\/v2\/media?parent=8739"}],"wp:term":[{"taxonomy":"category","embeddable":true,"href":"https:\/\/blog.cancaonova.com\/riodejaneiro\/wp-json\/wp\/v2\/categories?post=8739"},{"taxonomy":"post_tag","embeddable":true,"href":"https:\/\/blog.cancaonova.com\/riodejaneiro\/wp-json\/wp\/v2\/tags?post=8739"}],"curies":[{"name":"wp","href":"https:\/\/api.w.org\/{rel}","templated":true}]}}