{"id":8765,"date":"2015-02-10T16:36:33","date_gmt":"2015-02-10T19:36:33","guid":{"rendered":"http:\/\/blog.cancaonova.com\/riodejaneiro\/?p=8765"},"modified":"2015-02-12T15:36:31","modified_gmt":"2015-02-12T18:36:31","slug":"programacao-do-retiro-da-carnaval","status":"publish","type":"post","link":"https:\/\/blog.cancaonova.com\/riodejaneiro\/programacao-do-retiro-da-carnaval\/","title":{"rendered":"Programa\u00e7\u00e3o do Retiro da Carnaval"},"content":{"rendered":"<p><strong>Alegria e ora\u00e7\u00e3o no Retiro de Carnaval da Can\u00e7\u00e3o Nova no Rio de Janeiro<\/strong><\/p>\n<p>Entre os dias 14 e 17 de fevereiro a Frente de Miss\u00e3o da Can\u00e7\u00e3o Nova no Rio de Janeiro (RJ) promover\u00e1 o <a href=\"http:\/\/blog.cancaonova.com\/riodejaneiro\/cancao-nova-rio-realiza-rebanhao-de-carnaval\/\">Retiro de Carnaval<\/a> com o tema <em>\u201cPara que a vossa alegria seja completa\u201d.\u00a0<\/em>O encontro ser\u00e1 na\u00a0Par\u00f3quia S\u00e3o Jos\u00e9 Oper\u00e1rio Endere\u00e7o: Rua Bar\u00e3o de Triunfo, 393 \u2013 Realengo \u2013 Rio de Janeiro. Para informa\u00e7\u00f5es: 3171-1060 ou pelo site: <a href=\"http:\/\/blog.cancaonova.com\/riodejaneiro\/\">rio.cancaonova.com<\/a><\/p>\n<p>Durante os dias do encontro os fi\u00e9is poder\u00e3o participar das prega\u00e7\u00f5es, dos momentos de adora\u00e7\u00e3o ao Sant\u00edssimo Sacramento, da celebra\u00e7\u00e3o di\u00e1ria da Santa Missa. Dentre as atra\u00e7\u00f5es aguardadas pelo povo carioca est\u00e3o shows com grupo Sambadorando, Minist\u00e9rio Haguid\u00e9ni e do mission\u00e1rio da comunidade Junior Alves, al\u00e9m da presen\u00e7a da mission\u00e1ria Magda Ishikawa.<\/p>\n<p>Confira a programa\u00e7\u00e3o do encontro:<\/p>\n<p><strong>S\u00e1bado, dia 14<\/strong><br \/>\n14h00- Anima\u00e7\u00e3o e ora\u00e7\u00e3o<br \/>\n15h00- Ter\u00e7o da Miseric\u00f3rdia<br \/>\n15h30- Prega\u00e7\u00e3o: Magda\u00a0Ishikawa<br \/>\n16h30- Santa Missa: Pe. Jorge Carreira<br \/>\n18h00- Encerramento<\/p>\n<p><strong>Domingo, dia 15<\/strong><br \/>\n08h30- Anima\u00e7\u00e3o<br \/>\n09h00- Ora\u00e7\u00e3o da manh\u00e3<br \/>\n09h45- Prega\u00e7\u00e3o: Magda\u00a0Ishikawa<br \/>\n10h45- Intervalo<br \/>\n11h00- Anima\u00e7\u00e3o<br \/>\n11h30- Adora\u00e7\u00e3o<br \/>\n12h30- Intervalo almo\u00e7o<br \/>\n13h30- Show\u00a0com grupo Sambadorando<br \/>\n15h00- Ter\u00e7o da Miseric\u00f3rdia<br \/>\n15h30- Intervalo<br \/>\n16h00- Anima\u00e7\u00e3o<br \/>\n16h30- Santa Missa: Pe. Jorge Luiz<br \/>\n18h00- Encerramento<\/p>\n<p><strong>Segunda-feira, dia 16<\/strong><br \/>\n08h30- Anima\u00e7\u00e3o<br \/>\n09h00- Ora\u00e7\u00e3o da manh\u00e3<br \/>\n09h45- Prega\u00e7\u00e3o: Magda\u00a0Ishikawa<br \/>\n10h45- Intervalo<br \/>\n11h00- Anima\u00e7\u00e3o<br \/>\n11h30- Adora\u00e7\u00e3o<br \/>\n12h30- Intervalo almo\u00e7o<br \/>\n13h30- Festa com Junior<br \/>\n15h00- Ter\u00e7o da Miseric\u00f3rdia<br \/>\n15h30- Intervalo<br \/>\n16h00- Anima\u00e7\u00e3o<br \/>\n16h30- Santa Missa: Dom Orani<br \/>\n18h00- Encerramento<\/p>\n<p><strong>Ter\u00e7a-feira, dia 17<\/strong><br \/>\n08h30- Anima\u00e7\u00e3o<br \/>\n09h00- Ora\u00e7\u00e3o da Manh\u00e3<br \/>\n09h45- Prega\u00e7\u00e3o: Mauro Mendes<br \/>\n10h45- Intervalo<br \/>\n11h00- Anima\u00e7\u00e3o<br \/>\n11h30- Adora\u00e7\u00e3o<br \/>\n12h30- Intervalo almo\u00e7o<br \/>\n13h30- Festa com\u00a0Haguid\u00e9ni<br \/>\n15h00- Ter\u00e7o da Miseric\u00f3rdia<br \/>\n15h30- Intervalo<br \/>\n16h00- Anima\u00e7\u00e3o<br \/>\n16h30- Santa Missa: Dom Roberto<br \/>\n18h00- Encerramento<\/p>\n<p>&nbsp;<\/p>\n<p><strong>Divulgue em seus redes sociais:<\/strong><\/p>\n<p><a href=\"http:\/\/blog.cancaonova.com\/riodejaneiro\/files\/2015\/02\/carnaval1.jpg\"><img loading=\"lazy\" decoding=\"async\" class=\"aligncenter wp-image-8767 size-full\" src=\"http:\/\/blog.cancaonova.com\/riodejaneiro\/files\/2015\/02\/carnaval1.jpg\" alt=\"retiro de carnaval\" width=\"851\" height=\"300\" srcset=\"https:\/\/blog.cancaonova.com\/riodejaneiro\/files\/2015\/02\/carnaval1.jpg 851w, https:\/\/blog.cancaonova.com\/riodejaneiro\/files\/2015\/02\/carnaval1-300x105.jpg 300w\" sizes=\"(max-width: 851px) 100vw, 851px\" \/><\/a><\/p>\n<p><strong>Mat\u00e9ria relacionadas:<\/strong><\/p>\n<p><a href=\"http:\/\/blog.cancaonova.com\/riodejaneiro\/cultivar-a-alegria-no-carnaval\/\">:: Cultivar a alegria no Carnaval<br \/>\n<\/a><a href=\"http:\/\/blog.cancaonova.com\/riodejaneiro\/carnaval-real-ou-fantasia\/\">:: Carnaval, real ou fantasia<\/a>?<\/p>\n","protected":false},"excerpt":{"rendered":"<p>Alegria e ora\u00e7\u00e3o no Retiro de Carnaval da Can\u00e7\u00e3o Nova no Rio de Janeiro Entre os dias 14 e 17 de fevereiro a Frente de Miss\u00e3o da Can\u00e7\u00e3o Nova no Rio de Janeiro (RJ) promover\u00e1 o Retiro de Carnaval com&#8230;<\/p>\n","protected":false},"author":511,"featured_media":0,"comment_status":"open","ping_status":"open","sticky":false,"template":"","format":"standard","meta":{"_mi_skip_tracking":false,"_monsterinsights_sitenote_active":false,"_monsterinsights_sitenote_note":"","_monsterinsights_sitenote_category":0,"footnotes":""},"categories":[19],"tags":[],"_links":{"self":[{"href":"https:\/\/blog.cancaonova.com\/riodejaneiro\/wp-json\/wp\/v2\/posts\/8765"}],"collection":[{"href":"https:\/\/blog.cancaonova.com\/riodejaneiro\/wp-json\/wp\/v2\/posts"}],"about":[{"href":"https:\/\/blog.cancaonova.com\/riodejaneiro\/wp-json\/wp\/v2\/types\/post"}],"author":[{"embeddable":true,"href":"https:\/\/blog.cancaonova.com\/riodejaneiro\/wp-json\/wp\/v2\/users\/511"}],"replies":[{"embeddable":true,"href":"https:\/\/blog.cancaonova.com\/riodejaneiro\/wp-json\/wp\/v2\/comments?post=8765"}],"version-history":[{"count":14,"href":"https:\/\/blog.cancaonova.com\/riodejaneiro\/wp-json\/wp\/v2\/posts\/8765\/revisions"}],"predecessor-version":[{"id":8810,"href":"https:\/\/blog.cancaonova.com\/riodejaneiro\/wp-json\/wp\/v2\/posts\/8765\/revisions\/8810"}],"wp:attachment":[{"href":"https:\/\/blog.cancaonova.com\/riodejaneiro\/wp-json\/wp\/v2\/media?parent=8765"}],"wp:term":[{"taxonomy":"category","embeddable":true,"href":"https:\/\/blog.cancaonova.com\/riodejaneiro\/wp-json\/wp\/v2\/categories?post=8765"},{"taxonomy":"post_tag","embeddable":true,"href":"https:\/\/blog.cancaonova.com\/riodejaneiro\/wp-json\/wp\/v2\/tags?post=8765"}],"curies":[{"name":"wp","href":"https:\/\/api.w.org\/{rel}","templated":true}]}}