{"id":8792,"date":"2015-02-12T07:00:24","date_gmt":"2015-02-12T10:00:24","guid":{"rendered":"http:\/\/blog.cancaonova.com\/riodejaneiro\/?p=8792"},"modified":"2015-02-15T10:40:45","modified_gmt":"2015-02-15T13:40:45","slug":"como-chegar-no-retiro-de-carnaval-no-rj","status":"publish","type":"post","link":"https:\/\/blog.cancaonova.com\/riodejaneiro\/como-chegar-no-retiro-de-carnaval-no-rj\/","title":{"rendered":"Como chegar no Retiro de Carnaval no RJ"},"content":{"rendered":"<p><strong><a href=\"http:\/\/blog.cancaonova.com\/riodejaneiro\/files\/2015\/02\/como-chegar-no-retiro-de-carnaval.jpg\"><img loading=\"lazy\" decoding=\"async\" class=\"alignleft size-medium wp-image-8794\" src=\"http:\/\/blog.cancaonova.com\/riodejaneiro\/files\/2015\/02\/como-chegar-no-retiro-de-carnaval-300x238.jpg\" alt=\"como chegar no retiro de carnaval\" width=\"300\" height=\"238\" srcset=\"https:\/\/blog.cancaonova.com\/riodejaneiro\/files\/2015\/02\/como-chegar-no-retiro-de-carnaval-300x238.jpg 300w, https:\/\/blog.cancaonova.com\/riodejaneiro\/files\/2015\/02\/como-chegar-no-retiro-de-carnaval.jpg 388w\" sizes=\"(max-width: 300px) 100vw, 300px\" \/><\/a>Veja as linhas de \u00f4nibus e trens para a Retiro de Carnaval da Can\u00e7\u00e3o Nova<\/strong><\/p>\n<p>Neste fim de semana, acontecer\u00e1 o <a href=\"http:\/\/blog.cancaonova.com\/riodejaneiro\/cancao-nova-rio-realiza-rebanhao-de-carnaval\/\">Retiro de Carnaval da Can\u00e7\u00e3o Nova<\/a> na Frente de Miss\u00e3o do Rio de Janeiro. O evento que tem como tema \u201cPara que a vossa alegria seja perfeita\u201d na Par\u00f3quia S\u00e3o Jos\u00e9 Oper\u00e1rio Endere\u00e7o: Rua Bar\u00e3o de Triunfo, 393 \u2013 Realengo \u2013 Rio de Janeiro.<\/p>\n<p><a href=\"http:\/\/blog.cancaonova.com\/riodejaneiro\/programacao-do-retiro-da-carnaval\/\">:: Programa\u00e7\u00e3o do Retiro de Carnaval<\/a><\/p>\n<p>Confira as op\u00e7\u00f5es de \u00f4nibus e trem para Realengo:<\/p>\n<p><strong>Da Central do Brasil para Realengo<\/strong><\/p>\n<ul>\n<li>Tr\u00eam da Supervia sentido Santa Cruz, descer na esta\u00e7\u00e3o \u201cRealengo\u201d \u2013 Seguir na dire\u00e7\u00e3o da Mareshal Abreu e Lima<br \/>\n&gt; Rua M. Joaquim Neto &gt; Rua Bar\u00e3o do Triunfo, 393<\/li>\n<\/ul>\n<p><strong>De Marechal Hermes<\/strong><\/p>\n<ul>\n<li>\u00d4nibus 731<\/li>\n<li>Onibus 684 (vem do M\u00e9ier)<\/li>\n<li>Onibus 689 (vem do M\u00e9ier)<\/li>\n<\/ul>\n<p><em>(descer no ponto da Estrada da \u00c1gua Branca, primeiro ponto antes de Supermercado Guanabara)<\/em><\/p>\n<p><strong>Da Penha<\/strong><\/p>\n<ul>\n<li>\u00d4nibus 926<\/li>\n<\/ul>\n<p><em>(descer no ponto da Estrada da \u00c1gua Branca, primeiro ponto antes de Supermercado Guanabara)<\/em><\/p>\n<p><strong>Barra da Tijuca &#8211; Terminal da Alvorada<\/strong><\/p>\n<ul>\n<li>\u00d4nibus 883 (sentido Bangu)<\/li>\n<li>\u00d4nibus 803 (sentido Senador C\u00e2mara)<\/li>\n<\/ul>\n<p><strong>Metr\u00f4<\/strong><\/p>\n<p>Descer na esta\u00e7\u00e3o de Coelho Neto seguir sentido Avenida Brasil &#8211; pegar \u00f4nibus na pista sentido Bangu em cima do viaduto de Coelho Neto 370, 392 e o 926.<\/p>\n<p><a href=\"http:\/\/blog.cancaonova.com\/riodejaneiro\/files\/2015\/02\/carnaval2.jpg\"><img loading=\"lazy\" decoding=\"async\" class=\"aligncenter size-full wp-image-8798\" src=\"http:\/\/blog.cancaonova.com\/riodejaneiro\/files\/2015\/02\/carnaval2.jpg\" alt=\"retiro de carnaval no rio de janeiro\" width=\"851\" height=\"300\" srcset=\"https:\/\/blog.cancaonova.com\/riodejaneiro\/files\/2015\/02\/carnaval2.jpg 851w, https:\/\/blog.cancaonova.com\/riodejaneiro\/files\/2015\/02\/carnaval2-300x105.jpg 300w\" sizes=\"(max-width: 851px) 100vw, 851px\" \/><\/a><\/p>\n<p><strong>Veja mais:<br \/>\n<\/strong><\/p>\n<ul>\n<li><a href=\"http:\/\/blog.cancaonova.com\/riodejaneiro\/cultivar-a-alegria-no-carnaval\/\">Cultivar a alegria do Carnaval<br \/>\n<\/a><\/li>\n<li><a href=\"http:\/\/blog.cancaonova.com\/riodejaneiro\/carnaval-real-ou-fantasia\/\">Carnaval, real ou fantasia?<\/a><\/li>\n<li><a href=\"http:\/\/blog.cancaonova.com\/riodejaneiro\/voce-tem-um-amigo-de-verdade\/\">Um amigo de verdade<\/a><\/li>\n<\/ul>\n","protected":false},"excerpt":{"rendered":"<p>Veja as linhas de \u00f4nibus e trens para a Retiro de Carnaval da Can\u00e7\u00e3o Nova Neste fim de semana, acontecer\u00e1 o Retiro de Carnaval da Can\u00e7\u00e3o Nova na Frente de Miss\u00e3o do Rio de Janeiro. O evento que tem como&#8230;<\/p>\n","protected":false},"author":511,"featured_media":0,"comment_status":"open","ping_status":"open","sticky":false,"template":"","format":"standard","meta":{"_mi_skip_tracking":false,"_monsterinsights_sitenote_active":false,"_monsterinsights_sitenote_note":"","_monsterinsights_sitenote_category":0,"footnotes":""},"categories":[19],"tags":[],"_links":{"self":[{"href":"https:\/\/blog.cancaonova.com\/riodejaneiro\/wp-json\/wp\/v2\/posts\/8792"}],"collection":[{"href":"https:\/\/blog.cancaonova.com\/riodejaneiro\/wp-json\/wp\/v2\/posts"}],"about":[{"href":"https:\/\/blog.cancaonova.com\/riodejaneiro\/wp-json\/wp\/v2\/types\/post"}],"author":[{"embeddable":true,"href":"https:\/\/blog.cancaonova.com\/riodejaneiro\/wp-json\/wp\/v2\/users\/511"}],"replies":[{"embeddable":true,"href":"https:\/\/blog.cancaonova.com\/riodejaneiro\/wp-json\/wp\/v2\/comments?post=8792"}],"version-history":[{"count":6,"href":"https:\/\/blog.cancaonova.com\/riodejaneiro\/wp-json\/wp\/v2\/posts\/8792\/revisions"}],"predecessor-version":[{"id":8826,"href":"https:\/\/blog.cancaonova.com\/riodejaneiro\/wp-json\/wp\/v2\/posts\/8792\/revisions\/8826"}],"wp:attachment":[{"href":"https:\/\/blog.cancaonova.com\/riodejaneiro\/wp-json\/wp\/v2\/media?parent=8792"}],"wp:term":[{"taxonomy":"category","embeddable":true,"href":"https:\/\/blog.cancaonova.com\/riodejaneiro\/wp-json\/wp\/v2\/categories?post=8792"},{"taxonomy":"post_tag","embeddable":true,"href":"https:\/\/blog.cancaonova.com\/riodejaneiro\/wp-json\/wp\/v2\/tags?post=8792"}],"curies":[{"name":"wp","href":"https:\/\/api.w.org\/{rel}","templated":true}]}}