{"id":9466,"date":"2016-02-16T21:15:19","date_gmt":"2016-02-16T23:15:19","guid":{"rendered":"http:\/\/blog.cancaonova.com\/riodejaneiro\/?p=9466"},"modified":"2016-02-17T12:38:11","modified_gmt":"2016-02-17T14:38:11","slug":"aniversario-da-loja-cn-rio","status":"publish","type":"post","link":"https:\/\/blog.cancaonova.com\/riodejaneiro\/aniversario-da-loja-cn-rio\/","title":{"rendered":"Anivers\u00e1rio da Loja Can\u00e7\u00e3o Nova Rio"},"content":{"rendered":"<p style=\"text-align: center\"><strong>Loja Can\u00e7\u00e3o Nova comemora 6 anos na cidade maravilhosa<\/strong><\/p>\n<p style=\"text-align: center\"><a href=\"http:\/\/blog.cancaonova.com\/riodejaneiro\/files\/2016\/02\/rosa.png\"><img loading=\"lazy\" decoding=\"async\" class=\"wp-image-9467 size-medium aligncenter\" src=\"http:\/\/blog.cancaonova.com\/riodejaneiro\/files\/2016\/02\/rosa-300x300.png\" alt=\"Tarde de Aut\u00f3rgrafo\" width=\"300\" height=\"300\" srcset=\"https:\/\/blog.cancaonova.com\/riodejaneiro\/files\/2016\/02\/rosa-300x300.png 300w, https:\/\/blog.cancaonova.com\/riodejaneiro\/files\/2016\/02\/rosa-150x150.png 150w, https:\/\/blog.cancaonova.com\/riodejaneiro\/files\/2016\/02\/rosa.png 810w\" sizes=\"(max-width: 300px) 100vw, 300px\" \/><\/a><em><sup>Clique na imagem para maior visualiza\u00e7\u00e3o<\/sup><\/em><\/p>\n<p style=\"text-align: center\"><em>\u00a0\u00a0<\/em><\/p>\n<p>No Pr\u00f3ximo dia 23, a <strong>Loja Can\u00e7\u00e3o Nova no Rio de Janeiro<\/strong>,\u00a0completa <strong>6 anos<\/strong> e voc\u00ea \u00e9 convidado a celebrar conosco esta conquista t\u00e3o importante para n\u00f3s.<br \/>\nE para comemorar mais um ano, no dia <strong>29 de fevereiro\u00a0<\/strong>a partir das <strong>14h30<\/strong>, teremos uma <strong>Tarde de Aut\u00f3grafo<\/strong> com <strong>Juliana de Paula<\/strong>, mission\u00e1ria da Comunidade Can\u00e7\u00e3o Nova.<\/p>\n<p><strong>Venha participar conosco, voc\u00ea faz parte dessa hist\u00f3ria!<\/strong><\/p>\n<p>&nbsp;<\/p>\n<p><strong>Loja Can\u00e7\u00e3o Nova<\/strong>:<\/p>\n<p>End.:\u00a0Rua do Ros\u00e1rio 160 loja A,\u00a0Centro \u2013 Rio de Janeiro\/RJ.<br \/>\nInforma\u00e7\u00f5es: (21)3970-5016 \/ 3171-1060<\/p>\n","protected":false},"excerpt":{"rendered":"<p>Loja Can\u00e7\u00e3o Nova comemora 6 anos na cidade maravilhosa Clique na imagem para maior visualiza\u00e7\u00e3o \u00a0\u00a0 No Pr\u00f3ximo dia 23, a Loja Can\u00e7\u00e3o Nova no Rio de Janeiro,\u00a0completa 6 anos e voc\u00ea \u00e9 convidado a celebrar conosco esta conquista t\u00e3o&#8230;<\/p>\n","protected":false},"author":511,"featured_media":0,"comment_status":"open","ping_status":"open","sticky":false,"template":"","format":"standard","meta":{"_mi_skip_tracking":false,"_monsterinsights_sitenote_active":false,"_monsterinsights_sitenote_note":"","_monsterinsights_sitenote_category":0,"footnotes":""},"categories":[19,283145],"tags":[],"_links":{"self":[{"href":"https:\/\/blog.cancaonova.com\/riodejaneiro\/wp-json\/wp\/v2\/posts\/9466"}],"collection":[{"href":"https:\/\/blog.cancaonova.com\/riodejaneiro\/wp-json\/wp\/v2\/posts"}],"about":[{"href":"https:\/\/blog.cancaonova.com\/riodejaneiro\/wp-json\/wp\/v2\/types\/post"}],"author":[{"embeddable":true,"href":"https:\/\/blog.cancaonova.com\/riodejaneiro\/wp-json\/wp\/v2\/users\/511"}],"replies":[{"embeddable":true,"href":"https:\/\/blog.cancaonova.com\/riodejaneiro\/wp-json\/wp\/v2\/comments?post=9466"}],"version-history":[{"count":6,"href":"https:\/\/blog.cancaonova.com\/riodejaneiro\/wp-json\/wp\/v2\/posts\/9466\/revisions"}],"predecessor-version":[{"id":9473,"href":"https:\/\/blog.cancaonova.com\/riodejaneiro\/wp-json\/wp\/v2\/posts\/9466\/revisions\/9473"}],"wp:attachment":[{"href":"https:\/\/blog.cancaonova.com\/riodejaneiro\/wp-json\/wp\/v2\/media?parent=9466"}],"wp:term":[{"taxonomy":"category","embeddable":true,"href":"https:\/\/blog.cancaonova.com\/riodejaneiro\/wp-json\/wp\/v2\/categories?post=9466"},{"taxonomy":"post_tag","embeddable":true,"href":"https:\/\/blog.cancaonova.com\/riodejaneiro\/wp-json\/wp\/v2\/tags?post=9466"}],"curies":[{"name":"wp","href":"https:\/\/api.w.org\/{rel}","templated":true}]}}