{"id":9625,"date":"2016-03-27T12:42:33","date_gmt":"2016-03-27T15:42:33","guid":{"rendered":"http:\/\/blog.cancaonova.com\/riodejaneiro\/?p=9625"},"modified":"2016-03-28T12:48:31","modified_gmt":"2016-03-28T15:48:31","slug":"livro-experiencia-do-avivamento","status":"publish","type":"post","link":"https:\/\/blog.cancaonova.com\/riodejaneiro\/livro-experiencia-do-avivamento\/","title":{"rendered":"Livro Experi\u00eancia do Avivamento"},"content":{"rendered":"<h4><img loading=\"lazy\" decoding=\"async\" class=\"alignleft wp-image-9626 size-medium\" src=\"http:\/\/blog.cancaonova.com\/riodejaneiro\/files\/2016\/03\/livro-300x300.jpg\" alt=\"livro\" width=\"300\" height=\"300\" srcset=\"https:\/\/blog.cancaonova.com\/riodejaneiro\/files\/2016\/03\/livro-300x300.jpg 300w, https:\/\/blog.cancaonova.com\/riodejaneiro\/files\/2016\/03\/livro-150x150.jpg 150w, https:\/\/blog.cancaonova.com\/riodejaneiro\/files\/2016\/03\/livro.jpg 1200w\" sizes=\"(max-width: 300px) 100vw, 300px\" \/><strong><em>Em Experi\u00eancia do Avivamento \u2013 50 dias de clamor, padre Roger Lu\u00eds, nos convida a uma jornada de ora\u00e7\u00e3o e clamor ao Senhor que se inicia na P\u00e1scoa at\u00e9 Pentecostes.<\/em><\/strong><\/h4>\n<p>Vivemos tempos dif\u00edceis e o objetivo deste livro \u00e9 levar o avivamento da espiritualidade \u00e0 muitas pessoas, atrav\u00e9s do aprofundamento na intimidade com o Esp\u00edrito Santo.<\/p>\n<p>Para tanto, \u00e9 preciso renunciar ao desespero e a desesperan\u00e7a diariamente, entregando a dire\u00e7\u00e3o da nossa vida e da nossa hist\u00f3ria nas m\u00e3os do Esp\u00edrito Santo de Deus.<\/p>\n<p>Este \u00e9 um livro que te ajudar\u00e1 a viver a experi\u00eancia do amor de Deus e a gra\u00e7a do reavivamento da esperan\u00e7a na sua vida atrav\u00e9s da for\u00e7a do Esp\u00edrito Santo. Pe Roger Luis deseja que, por meio deste devocional, voc\u00ea, tenha um encontro pessoal com Jesus e com o avivamento do Esp\u00edrito Santo, pois estamos no tempo favor\u00e1vel da gra\u00e7a do Senhor Deus para n\u00f3s e n\u00e3o podemos desperdi\u00e7\u00e1-lo.<\/p>\n<p><a href=\"http:\/\/formacao.cancaonova.com\/espiritualidade\/experiencia-de-avivamento1o-dia-de-clamor\/\" target=\"_blank\">.:Experi\u00eancia de Avivamento: 1\u00ba dia de clamor:.<\/a><\/p>\n<p><!--more Leia mais--><\/p>\n<p><strong>Sobre o autor<\/strong><\/p>\n<p>Padre Roger Luis da Silva nasceu em Itaperuna, interior do Rio de Janeiro. Em 1998, ingressou no Semin\u00e1rio de Maria Imaculada, em Campos dos Goytacazes (RJ). No dia 28 e dezembro de 2000, entrou para a Comunidade Can\u00e7\u00e3o Nova, onde concluiu os estudos de Filosofia e, em 2003, iniciou o curso de Teologia em Palmas (TO). No dia 12 de dezembro de 2006 foi ordenado sacerdote.<\/p>\n<p>Pelo Minist\u00e9rio da Prega\u00e7\u00e3o e de Cura e Liberta\u00e7\u00e3o, Pe. Roger Luis viaja por todo o Brasil e exterior pregando em congressos, acampamentos e encontros de evangeliza\u00e7\u00e3o. Celebra todas as quartas-feiras \u00e0s 20h a Missa do Clube da evangeliza\u00e7\u00e3o,transmitida pelo Sistema Can\u00e7\u00e3o Nova de Comunica\u00e7\u00e3o.<\/p>\n<p>&nbsp;<\/p>\n<p><b>Adquira este e outros produtos em nossa Loja:<\/b><\/p>\n<p>End.:\u00a0Rua do Ros\u00e1rio, 160 Lj A &#8211; Centro\/RJ.<br \/>\nTel.: (21) 3970-5016<\/p>\n<p>Hor\u00e1rio de funcionamento:<br \/>\n\u2022 Seg \u00e0 Sex: 9h \u00e0s 18h<br \/>\n\u2022 S\u00e1bado: 9h \u00e0s 13h<\/p>\n<p>Nossa miss\u00e3o \u00e9 evangelizar!<\/p>\n","protected":false},"excerpt":{"rendered":"<p>Em Experi\u00eancia do Avivamento \u2013 50 dias de clamor, padre Roger Lu\u00eds, nos convida a uma jornada de ora\u00e7\u00e3o e clamor ao Senhor que se inicia na P\u00e1scoa at\u00e9 Pentecostes. Vivemos tempos dif\u00edceis e o objetivo deste livro \u00e9 levar&#8230;<\/p>\n","protected":false},"author":511,"featured_media":0,"comment_status":"open","ping_status":"open","sticky":false,"template":"","format":"standard","meta":{"_mi_skip_tracking":false,"_monsterinsights_sitenote_active":false,"_monsterinsights_sitenote_note":"","_monsterinsights_sitenote_category":0,"footnotes":""},"categories":[23,283145],"tags":[],"_links":{"self":[{"href":"https:\/\/blog.cancaonova.com\/riodejaneiro\/wp-json\/wp\/v2\/posts\/9625"}],"collection":[{"href":"https:\/\/blog.cancaonova.com\/riodejaneiro\/wp-json\/wp\/v2\/posts"}],"about":[{"href":"https:\/\/blog.cancaonova.com\/riodejaneiro\/wp-json\/wp\/v2\/types\/post"}],"author":[{"embeddable":true,"href":"https:\/\/blog.cancaonova.com\/riodejaneiro\/wp-json\/wp\/v2\/users\/511"}],"replies":[{"embeddable":true,"href":"https:\/\/blog.cancaonova.com\/riodejaneiro\/wp-json\/wp\/v2\/comments?post=9625"}],"version-history":[{"count":8,"href":"https:\/\/blog.cancaonova.com\/riodejaneiro\/wp-json\/wp\/v2\/posts\/9625\/revisions"}],"predecessor-version":[{"id":9636,"href":"https:\/\/blog.cancaonova.com\/riodejaneiro\/wp-json\/wp\/v2\/posts\/9625\/revisions\/9636"}],"wp:attachment":[{"href":"https:\/\/blog.cancaonova.com\/riodejaneiro\/wp-json\/wp\/v2\/media?parent=9625"}],"wp:term":[{"taxonomy":"category","embeddable":true,"href":"https:\/\/blog.cancaonova.com\/riodejaneiro\/wp-json\/wp\/v2\/categories?post=9625"},{"taxonomy":"post_tag","embeddable":true,"href":"https:\/\/blog.cancaonova.com\/riodejaneiro\/wp-json\/wp\/v2\/tags?post=9625"}],"curies":[{"name":"wp","href":"https:\/\/api.w.org\/{rel}","templated":true}]}}