{"id":1241,"date":"2008-07-14T13:47:36","date_gmt":"2008-07-14T16:47:36","guid":{"rendered":"http:\/\/blog.cancaonova.com\/riopreto\/2008\/07\/14\/xxiii-encontro-de-canonistas-do-brasil\/"},"modified":"2008-07-14T13:47:36","modified_gmt":"2008-07-14T16:47:36","slug":"xxiii-encontro-de-canonistas-do-brasil","status":"publish","type":"post","link":"https:\/\/blog.cancaonova.com\/riopreto\/xxiii-encontro-de-canonistas-do-brasil\/","title":{"rendered":"XXIII Encontro de Canonistas do Brasil"},"content":{"rendered":"<p>Come\u00e7a hoje em S\u00e3o Jos\u00e9 do Rio Preto e se estender\u00e1 at\u00e9 o pr\u00f3ximo s\u00e1bado, dia 19, o 23\u00ba Encontro da Sociedade Brasileira Canonista. Encontro que celebrar\u00e1 tamb\u00e9m os 25 anos do novo C\u00f3digo de Direito Can\u00f4nico.<\/p>\n<p>Este encontro, ter\u00e1 como destaques,\u00a0 pesquisas e perspectivas do atual C\u00f3digo de Direito Can\u00f4nico, temas relacionados sobre a Igreja e a bio\u00e9tica, a prepara\u00e7\u00e3o para o matrim\u00f4nio e\u00a0 a viv\u00eancia do celibato, dom para Igreja.<\/p>\n<p>Estar\u00e3o presentes como Padres Palestrantes, Frei Ant\u00f4nio Moser do Rio de Janeiro, Pe. Doutor. Rubens Miraglia de Bauru, S\u00e3o Paulo e o\u00a0 Pe. Doutor Enrique Pujol, tamb\u00e9m do Rio de Janeiro. \u00a0<\/p>\n<p>O Sistema Can\u00e7\u00e3o Nova de Comunica\u00e7\u00e3o\u00a0estar\u00e1 presente\u00a0neste\u00a0Encontro\u00a0trazendo informa\u00e7\u00f5es sobre os plen\u00e1rios e dire\u00e7\u00f5es dadas pelos principais canonistas do Brasil.\u00a0<\/p>\n<p><a href=\"http:\/\/blog.cancaonova.com\/riopreto\/files\/2008\/07\/pop_canonistas_chamada.jpg\" title=\"pop_canonistas_chamada.jpg\"><\/p>\n<p><img decoding=\"async\" src=\"http:\/\/blog.cancaonova.com\/riopreto\/files\/2008\/07\/pop_canonistas_chamada.jpg\" alt=\"pop_canonistas_chamada.jpg\" \/><\/p>\n<p><\/a><\/p>\n","protected":false},"excerpt":{"rendered":"<p>Come\u00e7a hoje em S\u00e3o Jos\u00e9 do Rio Preto e se estender\u00e1 at\u00e9 o pr\u00f3ximo s\u00e1bado, dia 19, o 23\u00ba Encontro da Sociedade Brasileira Canonista. Encontro que celebrar\u00e1 tamb\u00e9m os 25 anos do novo C\u00f3digo de Direito Can\u00f4nico. Este encontro, ter\u00e1&#8230;<\/p>\n","protected":false},"author":2701,"featured_media":0,"comment_status":"open","ping_status":"open","sticky":false,"template":"","format":"standard","meta":{"_mi_skip_tracking":false,"_monsterinsights_sitenote_active":false,"_monsterinsights_sitenote_note":"","_monsterinsights_sitenote_category":0,"footnotes":""},"categories":[4],"tags":[],"_links":{"self":[{"href":"https:\/\/blog.cancaonova.com\/riopreto\/wp-json\/wp\/v2\/posts\/1241"}],"collection":[{"href":"https:\/\/blog.cancaonova.com\/riopreto\/wp-json\/wp\/v2\/posts"}],"about":[{"href":"https:\/\/blog.cancaonova.com\/riopreto\/wp-json\/wp\/v2\/types\/post"}],"author":[{"embeddable":true,"href":"https:\/\/blog.cancaonova.com\/riopreto\/wp-json\/wp\/v2\/users\/2701"}],"replies":[{"embeddable":true,"href":"https:\/\/blog.cancaonova.com\/riopreto\/wp-json\/wp\/v2\/comments?post=1241"}],"version-history":[{"count":0,"href":"https:\/\/blog.cancaonova.com\/riopreto\/wp-json\/wp\/v2\/posts\/1241\/revisions"}],"wp:attachment":[{"href":"https:\/\/blog.cancaonova.com\/riopreto\/wp-json\/wp\/v2\/media?parent=1241"}],"wp:term":[{"taxonomy":"category","embeddable":true,"href":"https:\/\/blog.cancaonova.com\/riopreto\/wp-json\/wp\/v2\/categories?post=1241"},{"taxonomy":"post_tag","embeddable":true,"href":"https:\/\/blog.cancaonova.com\/riopreto\/wp-json\/wp\/v2\/tags?post=1241"}],"curies":[{"name":"wp","href":"https:\/\/api.w.org\/{rel}","templated":true}]}}