{"id":1261,"date":"2008-07-15T12:31:04","date_gmt":"2008-07-15T15:31:04","guid":{"rendered":"http:\/\/blog.cancaonova.com\/riopreto\/2008\/07\/15\/igreja-defensora-e-anunciadora-do-evangelho-da-vida\/"},"modified":"2008-07-22T19:03:57","modified_gmt":"2008-07-22T22:03:57","slug":"igreja-defensora-e-anunciadora-do-evangelho-da-vida","status":"publish","type":"post","link":"https:\/\/blog.cancaonova.com\/riopreto\/igreja-defensora-e-anunciadora-do-evangelho-da-vida\/","title":{"rendered":"Igreja defensora e anunciadora do Evangelho da Vida"},"content":{"rendered":"<p align=\"center\"><a href=\"http:\/\/blog.cancaonova.com\/riopreto\/files\/2008\/07\/012191.jpg\" title=\"012191.jpg\"><\/a><a href=\"http:\/\/blog.cancaonova.com\/riopreto\/files\/2008\/07\/01186.jpg\" title=\"01186.jpg\"><img decoding=\"async\" src=\"http:\/\/blog.cancaonova.com\/riopreto\/files\/2008\/07\/01186.jpg\" alt=\"01186.jpg\" \/><\/a><\/p>\n<p>Hoje pela manh\u00e3 no Encontro Nacional de Canonistas, que est\u00e1 sendo realizado em S\u00e3o Jos\u00e9 do Rio Preto-SP, Fr. Ant\u00f4nio Moser afirmou que a miss\u00e3o da Igreja \u00e9 &#8220;defender a vida em todos os momentos da sua exist\u00eancia&#8221;, tendo como principal encargo o an\u00fancio do Evangelho.<\/p>\n<p>Para isso, se faz necess\u00e1rio, ter a coragem de denunciar todos os desvalores contr\u00e1rios \u00e0 vida, que est\u00e3o sendo incutidos na sociedade pelo sensacionalismo da m\u00eddia e por afirma\u00e7\u00f5es sem nenhuma base cient\u00edfica.<\/p>\n<p>\u00c9 miss\u00e3o da Igreja formar em cada ser humano uma opni\u00e3o fundada na verdade e, ao mesmo tempo, concientiz\u00e1-los dos riscos que a vida vem sofrendo continuamente na atualidade. Cada crist\u00e3o precisa assumir uma postura sensata e coerente \u00e0 favor da vida, que \u00e9 Dom de Deus, mesmo em meio \u00e0 tantas novidades tecnol\u00f3gicas.<\/p>\n<p>Fr. Ant\u00f4nio Moser diz ainda qual posi\u00e7\u00e3o a Igreja deve ocupar na Promo\u00e7\u00e3o e Defesa da Vida:\u00a0<\/p>\n[audio:feeds.podcast1.com.br\/cn_rio_preto.xml]\n<p><a href=\"http:\/\/blog.cancaonova.com\/riopreto\/files\/2008\/07\/012191.jpg\" title=\"012191.jpg\"><img decoding=\"async\" align=\"left\" src=\"http:\/\/blog.cancaonova.com\/riopreto\/files\/2008\/07\/012191.jpg\" alt=\"012191.jpg\" \/><\/a><\/p>\n<p align=\"center\">&nbsp;<\/p>\n<p align=\"center\">&nbsp;<\/p>\n<p align=\"center\">&nbsp;<\/p>\n<p align=\"center\">&nbsp;<\/p>\n<p align=\"center\">&nbsp;<\/p>\n<p align=\"center\">&nbsp;<\/p>\n<p align=\"right\">acesse: <a href=\"http:\/\/noticias.cancaonova.com\">noticias.cancaonova.com<\/a><\/p>\n","protected":false},"excerpt":{"rendered":"<p>Hoje pela manh\u00e3 no Encontro Nacional de Canonistas, que est\u00e1 sendo realizado em S\u00e3o Jos\u00e9 do Rio Preto-SP, Fr. Ant\u00f4nio Moser afirmou que a miss\u00e3o da Igreja \u00e9 &#8220;defender a vida em todos os momentos da sua exist\u00eancia&#8221;, tendo como&#8230;<\/p>\n","protected":false},"author":2701,"featured_media":0,"comment_status":"open","ping_status":"open","sticky":false,"template":"","format":"standard","meta":{"_mi_skip_tracking":false,"_monsterinsights_sitenote_active":false,"_monsterinsights_sitenote_note":"","_monsterinsights_sitenote_category":0,"footnotes":""},"categories":[4],"tags":[],"_links":{"self":[{"href":"https:\/\/blog.cancaonova.com\/riopreto\/wp-json\/wp\/v2\/posts\/1261"}],"collection":[{"href":"https:\/\/blog.cancaonova.com\/riopreto\/wp-json\/wp\/v2\/posts"}],"about":[{"href":"https:\/\/blog.cancaonova.com\/riopreto\/wp-json\/wp\/v2\/types\/post"}],"author":[{"embeddable":true,"href":"https:\/\/blog.cancaonova.com\/riopreto\/wp-json\/wp\/v2\/users\/2701"}],"replies":[{"embeddable":true,"href":"https:\/\/blog.cancaonova.com\/riopreto\/wp-json\/wp\/v2\/comments?post=1261"}],"version-history":[{"count":0,"href":"https:\/\/blog.cancaonova.com\/riopreto\/wp-json\/wp\/v2\/posts\/1261\/revisions"}],"wp:attachment":[{"href":"https:\/\/blog.cancaonova.com\/riopreto\/wp-json\/wp\/v2\/media?parent=1261"}],"wp:term":[{"taxonomy":"category","embeddable":true,"href":"https:\/\/blog.cancaonova.com\/riopreto\/wp-json\/wp\/v2\/categories?post=1261"},{"taxonomy":"post_tag","embeddable":true,"href":"https:\/\/blog.cancaonova.com\/riopreto\/wp-json\/wp\/v2\/tags?post=1261"}],"curies":[{"name":"wp","href":"https:\/\/api.w.org\/{rel}","templated":true}]}}