{"id":1311,"date":"2008-07-17T17:13:20","date_gmt":"2008-07-17T20:13:20","guid":{"rendered":"http:\/\/blog.cancaonova.com\/riopreto\/2008\/07\/17\/lancamento-biografia-de-dom-paulo\/"},"modified":"2008-07-18T08:43:32","modified_gmt":"2008-07-18T11:43:32","slug":"lancamento-biografia-de-dom-paulo","status":"publish","type":"post","link":"https:\/\/blog.cancaonova.com\/riopreto\/lancamento-biografia-de-dom-paulo\/","title":{"rendered":"Lan\u00e7amento Biografia de Dom Paulo"},"content":{"rendered":"<p><a href=\"http:\/\/blog.cancaonova.com\/riopreto\/files\/2008\/07\/lancamento2.jpg\" title=\"lancamento2.jpg\"><\/p>\n<p><img decoding=\"async\" src=\"http:\/\/blog.cancaonova.com\/riopreto\/files\/2008\/07\/lancamento2.jpg\" alt=\"lancamento2.jpg\" \/><\/p>\n<p><\/a><\/p>\n<p>No dia 16 de Julho, \u00e0s 20h aconteceu o lan\u00e7amento do livro &#8216;Oper\u00e1rio de Deus&#8217;, escrito por Donizette Della Latta, o livro \u00e9 uma biografia da vida de Dom Paulo Mendes Peixoto, contando sua hist\u00f3ria de vida, os 26 anos de vida sacerdotal e os 2 anos de vida episcopal aqui em S\u00e3o Jos\u00e9 do Rio Preto\/SPO livro \u00e9 o registro de uma hist\u00f3ria marcada por muitos acontecimentos e trabalhos pastorais. O autor tamb\u00e9m apresenta o hist\u00f3rico da diocese de Caratinga MG, de onde Dom Paulo veio, e da diocese de S\u00e3o Jos\u00e9 do Rio Preto, onde foi sagrado bispo.<\/p>\n<p>Encontra-se no livro diversas refer\u00eancias de artigos publicados por Dom Paulo ao longo de sua vida pastoral.<\/p>\n<p>A iniciativa do nome partiu do autor, que notou em Dom Paulo essa refer\u00eancia de \u2018oper\u00e1rio de Deus\u2019, vendo nessa miss\u00e3o sacerdotal realizada por Dom Paulo esse estar \u00e0 servi\u00e7o do Reino, \u00e0 servi\u00e7o do povo e \u00e0 servi\u00e7o da Igreja.<\/p>\n","protected":false},"excerpt":{"rendered":"<p>No dia 16 de Julho, \u00e0s 20h aconteceu o lan\u00e7amento do livro &#8216;Oper\u00e1rio de Deus&#8217;, escrito por Donizette Della Latta, o livro \u00e9 uma biografia da vida de Dom Paulo Mendes Peixoto, contando sua hist\u00f3ria de vida, os 26 anos&#8230;<\/p>\n","protected":false},"author":2701,"featured_media":0,"comment_status":"open","ping_status":"open","sticky":false,"template":"","format":"standard","meta":{"_mi_skip_tracking":false,"_monsterinsights_sitenote_active":false,"_monsterinsights_sitenote_note":"","_monsterinsights_sitenote_category":0,"footnotes":""},"categories":[4],"tags":[],"_links":{"self":[{"href":"https:\/\/blog.cancaonova.com\/riopreto\/wp-json\/wp\/v2\/posts\/1311"}],"collection":[{"href":"https:\/\/blog.cancaonova.com\/riopreto\/wp-json\/wp\/v2\/posts"}],"about":[{"href":"https:\/\/blog.cancaonova.com\/riopreto\/wp-json\/wp\/v2\/types\/post"}],"author":[{"embeddable":true,"href":"https:\/\/blog.cancaonova.com\/riopreto\/wp-json\/wp\/v2\/users\/2701"}],"replies":[{"embeddable":true,"href":"https:\/\/blog.cancaonova.com\/riopreto\/wp-json\/wp\/v2\/comments?post=1311"}],"version-history":[{"count":0,"href":"https:\/\/blog.cancaonova.com\/riopreto\/wp-json\/wp\/v2\/posts\/1311\/revisions"}],"wp:attachment":[{"href":"https:\/\/blog.cancaonova.com\/riopreto\/wp-json\/wp\/v2\/media?parent=1311"}],"wp:term":[{"taxonomy":"category","embeddable":true,"href":"https:\/\/blog.cancaonova.com\/riopreto\/wp-json\/wp\/v2\/categories?post=1311"},{"taxonomy":"post_tag","embeddable":true,"href":"https:\/\/blog.cancaonova.com\/riopreto\/wp-json\/wp\/v2\/tags?post=1311"}],"curies":[{"name":"wp","href":"https:\/\/api.w.org\/{rel}","templated":true}]}}