{"id":1341,"date":"2008-07-17T17:42:02","date_gmt":"2008-07-17T20:42:02","guid":{"rendered":"http:\/\/blog.cancaonova.com\/riopreto\/2008\/07\/17\/bastidores-do-xxiii-encontro-de-canonistas\/"},"modified":"2008-09-09T17:03:27","modified_gmt":"2008-09-09T20:03:27","slug":"bastidores-do-xxiii-encontro-de-canonistas","status":"publish","type":"post","link":"https:\/\/blog.cancaonova.com\/riopreto\/bastidores-do-xxiii-encontro-de-canonistas\/","title":{"rendered":"Bastidores do XXIII Encontro de Canonistas"},"content":{"rendered":"<p><a href=\"http:\/\/blog.cancaonova.com\/riopreto\/files\/2008\/07\/equipecn1.jpg\" title=\"equipecn1.jpg\"><\/a><a href=\"http:\/\/blog.cancaonova.com\/riopreto\/files\/2008\/07\/equipecn_.jpg\" title=\"equipecn_.jpg\"><\/a>O Sistema Can\u00e7\u00e3o Nova de Comunica\u00e7\u00e3o est\u00e1 presente no XXIII Encontro de Canonistas que est\u00e1 acontecendo em S\u00e3o Jos\u00e9 do Rio Preto-SP dos dias 14 ao dia 19 de Julho, enviando mat\u00e9rias atualizadas para o noticias.cancaonova.com e toda a rede Can\u00e7\u00e3o Nova. Conhe\u00e7a nossa equipe: <a href=\"http:\/\/blog.cancaonova.com\/riopreto\/files\/2008\/07\/equipecn1.jpg\" title=\"equipecn1.jpg\"><\/a><a href=\"http:\/\/blog.cancaonova.com\/riopreto\/files\/2008\/07\/equipecn1.jpg\" title=\"equipecn1.jpg\"><\/a><a href=\"http:\/\/blog.cancaonova.com\/riopreto\/files\/2008\/07\/equipecn_.jpg\" title=\"equipecn_.jpg\"><\/a><a href=\"http:\/\/blog.cancaonova.com\/riopreto\/files\/2008\/07\/equipecn_.jpg\" title=\"equipecn_.jpg\"><img decoding=\"async\" src=\"http:\/\/blog.cancaonova.com\/riopreto\/files\/2008\/07\/equipecn_.jpg\" alt=\"equipecn_.jpg\" \/><\/a><a href=\"http:\/\/blog.cancaonova.com\/riopreto\/files\/2008\/07\/equipecn_.jpg\" title=\"equipecn_.jpg\"><a href=\"http:\/\/blog.cancaonova.com\/riopreto\/files\/2008\/07\/equipecn1.jpg\" title=\"equipecn1.jpg\"><\/a><\/p>\n<p><\/a><\/p>\n","protected":false},"excerpt":{"rendered":"<p>O Sistema Can\u00e7\u00e3o Nova de Comunica\u00e7\u00e3o est\u00e1 presente no XXIII Encontro de Canonistas que est\u00e1 acontecendo em S\u00e3o Jos\u00e9 do Rio Preto-SP dos dias 14 ao dia 19 de Julho, enviando mat\u00e9rias atualizadas para o noticias.cancaonova.com e toda a rede&#8230;<\/p>\n","protected":false},"author":2701,"featured_media":0,"comment_status":"open","ping_status":"open","sticky":false,"template":"","format":"standard","meta":{"_mi_skip_tracking":false,"_monsterinsights_sitenote_active":false,"_monsterinsights_sitenote_note":"","_monsterinsights_sitenote_category":0,"footnotes":""},"categories":[4],"tags":[],"_links":{"self":[{"href":"https:\/\/blog.cancaonova.com\/riopreto\/wp-json\/wp\/v2\/posts\/1341"}],"collection":[{"href":"https:\/\/blog.cancaonova.com\/riopreto\/wp-json\/wp\/v2\/posts"}],"about":[{"href":"https:\/\/blog.cancaonova.com\/riopreto\/wp-json\/wp\/v2\/types\/post"}],"author":[{"embeddable":true,"href":"https:\/\/blog.cancaonova.com\/riopreto\/wp-json\/wp\/v2\/users\/2701"}],"replies":[{"embeddable":true,"href":"https:\/\/blog.cancaonova.com\/riopreto\/wp-json\/wp\/v2\/comments?post=1341"}],"version-history":[{"count":0,"href":"https:\/\/blog.cancaonova.com\/riopreto\/wp-json\/wp\/v2\/posts\/1341\/revisions"}],"wp:attachment":[{"href":"https:\/\/blog.cancaonova.com\/riopreto\/wp-json\/wp\/v2\/media?parent=1341"}],"wp:term":[{"taxonomy":"category","embeddable":true,"href":"https:\/\/blog.cancaonova.com\/riopreto\/wp-json\/wp\/v2\/categories?post=1341"},{"taxonomy":"post_tag","embeddable":true,"href":"https:\/\/blog.cancaonova.com\/riopreto\/wp-json\/wp\/v2\/tags?post=1341"}],"curies":[{"name":"wp","href":"https:\/\/api.w.org\/{rel}","templated":true}]}}