{"id":1431,"date":"2008-07-30T15:55:07","date_gmt":"2008-07-30T18:55:07","guid":{"rendered":"http:\/\/blog.cancaonova.com\/riopreto\/2008\/07\/30\/enredados-brasil-2008\/"},"modified":"2008-07-30T17:09:43","modified_gmt":"2008-07-30T20:09:43","slug":"enredados-brasil-2008","status":"publish","type":"post","link":"https:\/\/blog.cancaonova.com\/riopreto\/enredados-brasil-2008\/","title":{"rendered":"Enredados Brasil 2008"},"content":{"rendered":"<p><a href=\"http:\/\/blog.cancaonova.com\/riopreto\/files\/2008\/07\/capa2.jpg\" title=\"capa2.jpg\"><\/a><a href=\"http:\/\/blog.cancaonova.com\/riopreto\/files\/2008\/07\/capa2.jpg\" title=\"capa2.jpg\"><\/a><a href=\"http:\/\/blog.cancaonova.com\/riopreto\/files\/2008\/07\/capa2.jpg\" title=\"capa2.jpg\"><\/a><\/p>\n<p align=\"center\"><img decoding=\"async\" src=\"http:\/\/blog.cancaonova.com\/riopreto\/files\/2008\/07\/capa2.jpg\" alt=\"capa2.jpg\" \/>\u00a0<\/p>\n<p>Acontece hoje, 30\u00a0de Julho,\u00a0em S\u00e3o Jos\u00e9 do Rio Preto &#8211; SP o Show Enredados, com a presen\u00e7a de <strong>Martin Valverde<\/strong>, <strong>Celina Borges<\/strong>, <strong>Migueli,<\/strong> <strong>Eug\u00eanio Jorge\u00a0<\/strong>e <strong>Ziza Fernandes<\/strong>.<\/p>\n<p>Enredados \u00e9 um evento evangelizador, onde diversos artistas da m\u00fasica cat\u00f3lica unem duas l\u00ednguas (Espanhol e Portugu\u00eas) para &#8220;confiar na Palavra de Deus e lan\u00e7ar as redes&#8221;.<\/p>\n<p>A primeira tourn\u00ea aconteceu em outubro de 2001 no M\u00e9xico, e em 2002 pela primeira vez aqui no Brasil. Esse ano os shows est\u00e3o dividos entre S\u00e3o Paulo, Rio de Janeiro e Esp\u00edrito Santo. Confira a agenda:<\/p>\n<p>30\/07- quarta\u00a0\u00a0\u00a0 \u00a0 &#8211; S\u00e3o Jos\u00e9 do Rio Preto &#8211; SP<br \/>\n31\/07- quinta\u00a0\u00a0\u00a0\u00a0 \u00a0\u00a0&#8211; Petr\u00f3polis &#8211; RJ<br \/>\n01\/08 &#8211; sexta\u00a0\u00a0\u00a0\u00a0\u00a0 \u00a0&#8211; Vit\u00f3ria &#8211; ES<br \/>\n02\/08 &#8211; sabado\u00a0\u00a0 \u00a0&#8211; S\u00e3o Paulo &#8211; SP<br \/>\n03\/08 &#8211; domingo\u00a0 &#8211; Limeira &#8211; SP<\/p>\n<p><object width=\"480\" height=\"385\"><param name=\"movie\" value=\"http:\/\/www.youtube.com\/v\/wTcaNohHarU\"><\/param><param name=\"allowFullScreen\" value=\"true\"><\/param><param name=\"allowscriptaccess\" value=\"always\"><\/param><embed src=\"http:\/\/www.youtube.com\/v\/wTcaNohHarU\" type=\"application\/x-shockwave-flash\" allowscriptaccess=\"always\" allowfullscreen=\"true\" width=\"480\" height=\"385\"><\/embed><\/object><\/p>\n<p align=\"right\">&nbsp;<\/p>\n<p align=\"right\">&#8220;Pescar com vara \u00e9 um esporte. Pescar com rede \u00e9 ser Igreja Mission\u00e1ria&#8221;<br \/>\n(Martin Valverde)<\/p>\n<p align=\"left\">Deixe seu coment\u00e1rio<\/p>\n","protected":false},"excerpt":{"rendered":"<p>\u00a0 Acontece hoje, 30\u00a0de Julho,\u00a0em S\u00e3o Jos\u00e9 do Rio Preto &#8211; SP o Show Enredados, com a presen\u00e7a de Martin Valverde, Celina Borges, Migueli, Eug\u00eanio Jorge\u00a0e Ziza Fernandes. Enredados \u00e9 um evento evangelizador, onde diversos artistas da m\u00fasica cat\u00f3lica unem&#8230;<\/p>\n","protected":false},"author":2701,"featured_media":0,"comment_status":"open","ping_status":"open","sticky":false,"template":"","format":"standard","meta":{"_mi_skip_tracking":false,"_monsterinsights_sitenote_active":false,"_monsterinsights_sitenote_note":"","_monsterinsights_sitenote_category":0,"footnotes":""},"categories":[4],"tags":[],"_links":{"self":[{"href":"https:\/\/blog.cancaonova.com\/riopreto\/wp-json\/wp\/v2\/posts\/1431"}],"collection":[{"href":"https:\/\/blog.cancaonova.com\/riopreto\/wp-json\/wp\/v2\/posts"}],"about":[{"href":"https:\/\/blog.cancaonova.com\/riopreto\/wp-json\/wp\/v2\/types\/post"}],"author":[{"embeddable":true,"href":"https:\/\/blog.cancaonova.com\/riopreto\/wp-json\/wp\/v2\/users\/2701"}],"replies":[{"embeddable":true,"href":"https:\/\/blog.cancaonova.com\/riopreto\/wp-json\/wp\/v2\/comments?post=1431"}],"version-history":[{"count":0,"href":"https:\/\/blog.cancaonova.com\/riopreto\/wp-json\/wp\/v2\/posts\/1431\/revisions"}],"wp:attachment":[{"href":"https:\/\/blog.cancaonova.com\/riopreto\/wp-json\/wp\/v2\/media?parent=1431"}],"wp:term":[{"taxonomy":"category","embeddable":true,"href":"https:\/\/blog.cancaonova.com\/riopreto\/wp-json\/wp\/v2\/categories?post=1431"},{"taxonomy":"post_tag","embeddable":true,"href":"https:\/\/blog.cancaonova.com\/riopreto\/wp-json\/wp\/v2\/tags?post=1431"}],"curies":[{"name":"wp","href":"https:\/\/api.w.org\/{rel}","templated":true}]}}