{"id":1451,"date":"2008-07-31T17:13:48","date_gmt":"2008-07-31T20:13:48","guid":{"rendered":"http:\/\/blog.cancaonova.com\/riopreto\/2008\/07\/31\/enredados-sao-jose-do-rio-preto\/"},"modified":"2008-08-01T13:10:59","modified_gmt":"2008-08-01T16:10:59","slug":"enredados-sao-jose-do-rio-preto","status":"publish","type":"post","link":"https:\/\/blog.cancaonova.com\/riopreto\/enredados-sao-jose-do-rio-preto\/","title":{"rendered":"Enredados S\u00e3o Jos\u00e9 do Rio Preto"},"content":{"rendered":"<p><a href=\"http:\/\/blog.cancaonova.com\/riopreto\/files\/2008\/07\/cn20080730.jpg\" title=\"cn20080730.jpg\"><\/a><a href=\"http:\/\/blog.cancaonova.com\/riopreto\/files\/2008\/07\/cn20080730.jpg\" title=\"cn20080730.jpg\"><\/a><a href=\"http:\/\/blog.cancaonova.com\/riopreto\/files\/2008\/07\/cn20080730.jpg\" title=\"cn20080730.jpg\"><\/a><\/p>\n<p align=\"center\"><a href=\"http:\/\/blog.cancaonova.com\/riopreto\/files\/2008\/07\/cn20080730.jpg\" title=\"cn20080730.jpg\"><img decoding=\"async\" src=\"http:\/\/blog.cancaonova.com\/riopreto\/files\/2008\/07\/cn20080730.jpg\" alt=\"cn20080730.jpg\" \/><\/a><\/p>\n<p>A Can\u00e7\u00e3o Nova de S\u00e3o Jos\u00e9 do Rio Preto esteve presente no Show da Tourn\u00ea Enredados Brasil 2008, que aconteceu nesse \u00faltimo dia 30, no Palestra &#8211; SJRP\/SP. O Show foi em prol da Associa\u00e7\u00e3o Madre Tereza de Calcut\u00e1, obra social da nossa Diocese.<\/p>\n<p>Estiveram presentes nessa edi\u00e7\u00e3o: Martin Valverde, Celina Borges, Migueli, Eug\u00eanio Jorge e Ziza Fernandes. E tamb\u00e9m participa\u00e7\u00e3o especial do Grupo Vocal Ellas.<\/p>\n<p>Em entrevista exclusiva para a R\u00e1dio Can\u00e7\u00e3o Nova do Cora\u00e7\u00e3o de Maria, Martin Valverde fala sobre esse &#8220;grupo de amigos&#8221; que se reencontram e\u00a0dividem o palco na diversidade musical para &#8220;Lan\u00e7ar as redes&#8221; numa miss\u00e3o evangelizadora : [audio:http:\/\/vobr.webtvcn.com\/2008\/julho\/31_martin.mp3]<\/p>\n<p>Ziza fala sobre a &#8220;Escola&#8221; que \u00e9 o Enredados e o confiar nos irm\u00e3os e se deixar cuidar como mulher em meio aos outros m\u00fasicos: [audio:http:\/\/vobr.webtvcn.com\/2008\/julho\/31_ziza.mp3]<\/p>\n<p>Migueli fala sobre a cria\u00e7\u00e3o e objetivo do Enredados e sobre a alegria de estar no Brasil mais uma vez:<br \/>\n[audio:http:\/\/vobr.webtvcn.com\/2008\/julho\/31_migueli.mp3]<\/p>\n<p>Celina Borges, entrando para a Fam\u00edlia Enredados neste ano, conta sobre esse &#8220;novo&#8221; que est\u00e1 vivendo em sua carreira e a maturidade que tem alcan\u00e7ado: [audio:http:\/\/vobr.webtvcn.com\/2008\/julho\/31_celina.mp3]<\/p>\n<p>Eug\u00eanio Jorge deixa uma mensagem pra voc\u00ea que acompanha esse trabalho, dizendo que \u00e9 &#8220;\u00c9 preciso evangelizar!\u00a0E \u00e9 urgente que demos nossas\u00a0m\u00e3os para fazemos bem a evangeliza\u00e7\u00e3o que o Senhor nos prop\u00f5e&#8221;: [audio:http:\/\/vobr.webtvcn.com\/2008\/julho\/31_eugenio.mp3]<\/p>\n<p><object width=\"480\" height=\"385\"><param name=\"movie\" value=\"http:\/\/www.youtube.com\/v\/79oF_V_hMJQ\"><\/param><param name=\"allowFullScreen\" value=\"true\"><\/param><param name=\"allowscriptaccess\" value=\"always\"><\/param><embed src=\"http:\/\/www.youtube.com\/v\/79oF_V_hMJQ\" type=\"application\/x-shockwave-flash\" allowscriptaccess=\"always\" allowfullscreen=\"true\" width=\"480\" height=\"385\"><\/embed><\/object><\/p>\n<p>Mais v\u00eddeos:<br \/>\n<a href=\"http:\/\/br.youtube.com\/watch?v=RKcUHJUevpE\">V\u00eddeo &#8220;Palha\u00e7o&#8221; Vocal Ellas &#8211; Participa\u00e7\u00e3o Especial no Enredados<\/a><br \/>\n<a href=\"http:\/\/br.youtube.com\/watch?v=7msU1o9k_Y4\">V\u00eddeo &#8220;Derrama o Teu amor aqui&#8221; &#8211; Enredados (Celina Borges)<\/a><br \/>\n<a href=\"http:\/\/br.youtube.com\/watch?v=IHCSl4TZQik\">V\u00eddeo &#8220;Nascer de novo&#8221; &#8211; Enredados (Eug\u00eanio Jorge)<\/a><br \/>\n<a href=\"http:\/\/br.youtube.com\/watch?v=A6TKtZw2IMU\">V\u00eddeo &#8220;Vit\u00f3ria&#8221; &#8211; Enredados (Ziza Fernandes)<\/a><br \/>\n<a href=\"http:\/\/br.youtube.com\/watch?v=OLvPK_Y2SaI\">V\u00eddeo &#8220;Recome\u00e7ar&#8221; &#8211; Enredados (Ziza Fernandes)<\/a><\/p>\n<p align=\"center\">Confira <a href=\"http:\/\/www.flickr.com\/photos\/26400286@N03\/sets\/72157606471685002\/\">aqui as FOTOS<\/a> do Show em Rio Preto<\/p>\n<p align=\"right\"><a href=\"http:\/\/musica.cancaonova.com\/\">Saiba mais!<\/a><\/p>\n","protected":false},"excerpt":{"rendered":"<p>A Can\u00e7\u00e3o Nova de S\u00e3o Jos\u00e9 do Rio Preto esteve presente no Show da Tourn\u00ea Enredados Brasil 2008, que aconteceu nesse \u00faltimo dia 30, no Palestra &#8211; SJRP\/SP. O Show foi em prol da Associa\u00e7\u00e3o Madre Tereza de Calcut\u00e1, obra&#8230;<\/p>\n","protected":false},"author":2701,"featured_media":0,"comment_status":"open","ping_status":"open","sticky":false,"template":"","format":"standard","meta":{"_mi_skip_tracking":false,"_monsterinsights_sitenote_active":false,"_monsterinsights_sitenote_note":"","_monsterinsights_sitenote_category":0,"footnotes":""},"categories":[4],"tags":[],"_links":{"self":[{"href":"https:\/\/blog.cancaonova.com\/riopreto\/wp-json\/wp\/v2\/posts\/1451"}],"collection":[{"href":"https:\/\/blog.cancaonova.com\/riopreto\/wp-json\/wp\/v2\/posts"}],"about":[{"href":"https:\/\/blog.cancaonova.com\/riopreto\/wp-json\/wp\/v2\/types\/post"}],"author":[{"embeddable":true,"href":"https:\/\/blog.cancaonova.com\/riopreto\/wp-json\/wp\/v2\/users\/2701"}],"replies":[{"embeddable":true,"href":"https:\/\/blog.cancaonova.com\/riopreto\/wp-json\/wp\/v2\/comments?post=1451"}],"version-history":[{"count":0,"href":"https:\/\/blog.cancaonova.com\/riopreto\/wp-json\/wp\/v2\/posts\/1451\/revisions"}],"wp:attachment":[{"href":"https:\/\/blog.cancaonova.com\/riopreto\/wp-json\/wp\/v2\/media?parent=1451"}],"wp:term":[{"taxonomy":"category","embeddable":true,"href":"https:\/\/blog.cancaonova.com\/riopreto\/wp-json\/wp\/v2\/categories?post=1451"},{"taxonomy":"post_tag","embeddable":true,"href":"https:\/\/blog.cancaonova.com\/riopreto\/wp-json\/wp\/v2\/tags?post=1451"}],"curies":[{"name":"wp","href":"https:\/\/api.w.org\/{rel}","templated":true}]}}