{"id":1557,"date":"2008-09-16T17:16:59","date_gmt":"2008-09-16T20:16:59","guid":{"rendered":"http:\/\/blog.cancaonova.com\/riopreto\/2008\/09\/16\/nossa-oracao-alcanca-o-ceu\/"},"modified":"2009-11-16T16:42:34","modified_gmt":"2009-11-16T19:42:34","slug":"nossa-oracao-alcanca-o-ceu","status":"publish","type":"post","link":"https:\/\/blog.cancaonova.com\/riopreto\/nossa-oracao-alcanca-o-ceu\/","title":{"rendered":"Nossa ora\u00e7\u00e3o alcan\u00e7a o C\u00e9u"},"content":{"rendered":"<p align=\"center\"><a title=\"cn160908_5.jpg\" rel=\"attachment wp-att-1558\" href=\"http:\/\/blog.cancaonova.com\/riopreto\/?attachment_id=1558\"><\/a><a href=\"http:\/\/blog.cancaonova.com\/riopreto\/2008\/09\/16\/nossa-oracao-alcanca-o-ceu\/#comments\"><img decoding=\"async\" src=\"http:\/\/blog.cancaonova.com\/riopreto\/files\/2008\/09\/cn160908_6.jpg\" alt=\"cn160908_6.jpg\" \/><\/a><\/p>\n<p align=\"left\">N\u00f3s acreditamos nessa promessa de Deus para n\u00f3s, por isso, deixe aqui o seu pedido de ora\u00e7\u00e3o e rezemos juntos por suas inten\u00e7\u00f5es.<\/p>\n<p align=\"right\"><a href=\"http:\/\/blog.cancaonova.com\/riopreto\/2008\/09\/16\/nossa-oracao-alcanca-o-ceu\/#comments\"><img decoding=\"async\" src=\"http:\/\/blog.cancaonova.com\/riopreto\/files\/2008\/09\/cn160908_5.jpg\" alt=\"cn160908_5.jpg\" align=\"right\" \/><\/a><\/p>\n<p align=\"center\">\n<p align=\"center\">\n<p align=\"center\">\n<p align=\"center\"><em><strong>&#8220;A ora\u00e7\u00e3o move o cora\u00e7\u00e3o de Deus&#8221;<\/strong><\/em><\/p>\n<p align=\"left\"><a title=\"cn160908_5.jpg\" rel=\"attachment wp-att-1558\" href=\"http:\/\/blog.cancaonova.com\/riopreto\/?attachment_id=1558\"><\/a><\/p>\n<p align=\"center\">\n<p align=\"center\">\n<p align=\"left\">Deixe seu coment\u00e1rio\/pedido de ora\u00e7\u00e3o<\/p>\n","protected":false},"excerpt":{"rendered":"<p>N\u00f3s acreditamos nessa promessa de Deus para n\u00f3s, por isso, deixe aqui o seu pedido de ora\u00e7\u00e3o e rezemos juntos por suas inten\u00e7\u00f5es. &#8220;A ora\u00e7\u00e3o move o cora\u00e7\u00e3o de Deus&#8221; Deixe seu coment\u00e1rio\/pedido de ora\u00e7\u00e3o<\/p>\n","protected":false},"author":2701,"featured_media":0,"comment_status":"open","ping_status":"open","sticky":false,"template":"","format":"standard","meta":{"_mi_skip_tracking":false,"_monsterinsights_sitenote_active":false,"_monsterinsights_sitenote_note":"","_monsterinsights_sitenote_category":0,"footnotes":""},"categories":[2331],"tags":[6351,15401,261,166350,17218],"_links":{"self":[{"href":"https:\/\/blog.cancaonova.com\/riopreto\/wp-json\/wp\/v2\/posts\/1557"}],"collection":[{"href":"https:\/\/blog.cancaonova.com\/riopreto\/wp-json\/wp\/v2\/posts"}],"about":[{"href":"https:\/\/blog.cancaonova.com\/riopreto\/wp-json\/wp\/v2\/types\/post"}],"author":[{"embeddable":true,"href":"https:\/\/blog.cancaonova.com\/riopreto\/wp-json\/wp\/v2\/users\/2701"}],"replies":[{"embeddable":true,"href":"https:\/\/blog.cancaonova.com\/riopreto\/wp-json\/wp\/v2\/comments?post=1557"}],"version-history":[{"count":2,"href":"https:\/\/blog.cancaonova.com\/riopreto\/wp-json\/wp\/v2\/posts\/1557\/revisions"}],"predecessor-version":[{"id":2892,"href":"https:\/\/blog.cancaonova.com\/riopreto\/wp-json\/wp\/v2\/posts\/1557\/revisions\/2892"}],"wp:attachment":[{"href":"https:\/\/blog.cancaonova.com\/riopreto\/wp-json\/wp\/v2\/media?parent=1557"}],"wp:term":[{"taxonomy":"category","embeddable":true,"href":"https:\/\/blog.cancaonova.com\/riopreto\/wp-json\/wp\/v2\/categories?post=1557"},{"taxonomy":"post_tag","embeddable":true,"href":"https:\/\/blog.cancaonova.com\/riopreto\/wp-json\/wp\/v2\/tags?post=1557"}],"curies":[{"name":"wp","href":"https:\/\/api.w.org\/{rel}","templated":true}]}}