{"id":1565,"date":"2008-09-24T11:59:10","date_gmt":"2008-09-24T14:59:10","guid":{"rendered":"http:\/\/blog.cancaonova.com\/riopreto\/2008\/09\/24\/e-primavera-na-cancao-nova\/"},"modified":"2008-09-24T11:59:10","modified_gmt":"2008-09-24T14:59:10","slug":"e-primavera-na-cancao-nova","status":"publish","type":"post","link":"https:\/\/blog.cancaonova.com\/riopreto\/e-primavera-na-cancao-nova\/","title":{"rendered":"\u00c9 primavera na Can\u00e7\u00e3o Nova!!!"},"content":{"rendered":"<p>Primavera na Can\u00e7\u00e3o Nova \u00e9 tempo tamb\u00e9m de agradecer a Deus pelo jardim florido de amigos\u00a0que Ele nos d\u00e1.<\/p>\n<p>Uma homenagem aos amigos da Can\u00e7\u00e3o Nova na miss\u00e3o de S\u00e3o Jos\u00e9 do Rio Preto &#8211; SP<\/p>\n<p align=\"center\"><object width=\"480\" height=\"385\"><param name=\"movie\" value=\"http:\/\/www.youtube.com\/v\/fw4OjDcwgfY\"><\/param><param name=\"allowFullScreen\" value=\"true\"><\/param><param name=\"allowscriptaccess\" value=\"always\"><\/param><embed src=\"http:\/\/www.youtube.com\/v\/fw4OjDcwgfY\" type=\"application\/x-shockwave-flash\" allowscriptaccess=\"always\" allowfullscreen=\"true\" width=\"480\" height=\"385\"><\/embed><\/object>\n<\/p>\n<p align=\"center\">&nbsp;<\/p>\n<p align=\"center\"><em>&#8220;Mas \u00e9 certo que a Primavera chega. \u00c9 certo que a vida n\u00e3o se esquece, e a terra maternalmente se enfeita para as festas da sua perpetua\u00e7\u00e3o&#8221; (Cec\u00edlia Meireles)<\/em><\/p>\n<p align=\"center\">&nbsp;<\/p>\n<p align=\"left\"><strong>Deixe seu coment\u00e1rio<\/strong><\/p>\n","protected":false},"excerpt":{"rendered":"<p>Primavera na Can\u00e7\u00e3o Nova \u00e9 tempo tamb\u00e9m de agradecer a Deus pelo jardim florido de amigos\u00a0que Ele nos d\u00e1. Uma homenagem aos amigos da Can\u00e7\u00e3o Nova na miss\u00e3o de S\u00e3o Jos\u00e9 do Rio Preto &#8211; SP &nbsp; &#8220;Mas \u00e9 certo&#8230;<\/p>\n","protected":false},"author":2701,"featured_media":0,"comment_status":"open","ping_status":"open","sticky":false,"template":"","format":"standard","meta":{"_mi_skip_tracking":false,"_monsterinsights_sitenote_active":false,"_monsterinsights_sitenote_note":"","_monsterinsights_sitenote_category":0,"footnotes":""},"categories":[114],"tags":[],"_links":{"self":[{"href":"https:\/\/blog.cancaonova.com\/riopreto\/wp-json\/wp\/v2\/posts\/1565"}],"collection":[{"href":"https:\/\/blog.cancaonova.com\/riopreto\/wp-json\/wp\/v2\/posts"}],"about":[{"href":"https:\/\/blog.cancaonova.com\/riopreto\/wp-json\/wp\/v2\/types\/post"}],"author":[{"embeddable":true,"href":"https:\/\/blog.cancaonova.com\/riopreto\/wp-json\/wp\/v2\/users\/2701"}],"replies":[{"embeddable":true,"href":"https:\/\/blog.cancaonova.com\/riopreto\/wp-json\/wp\/v2\/comments?post=1565"}],"version-history":[{"count":0,"href":"https:\/\/blog.cancaonova.com\/riopreto\/wp-json\/wp\/v2\/posts\/1565\/revisions"}],"wp:attachment":[{"href":"https:\/\/blog.cancaonova.com\/riopreto\/wp-json\/wp\/v2\/media?parent=1565"}],"wp:term":[{"taxonomy":"category","embeddable":true,"href":"https:\/\/blog.cancaonova.com\/riopreto\/wp-json\/wp\/v2\/categories?post=1565"},{"taxonomy":"post_tag","embeddable":true,"href":"https:\/\/blog.cancaonova.com\/riopreto\/wp-json\/wp\/v2\/tags?post=1565"}],"curies":[{"name":"wp","href":"https:\/\/api.w.org\/{rel}","templated":true}]}}