{"id":1587,"date":"2008-11-20T08:57:06","date_gmt":"2008-11-20T11:57:06","guid":{"rendered":"http:\/\/blog.cancaonova.com\/riopreto\/2008\/11\/20\/12%c2%aa-assembleia-pastoral-diocesana\/"},"modified":"2008-11-20T09:01:55","modified_gmt":"2008-11-20T12:01:55","slug":"12%c2%aa-assembleia-pastoral-diocesana","status":"publish","type":"post","link":"https:\/\/blog.cancaonova.com\/riopreto\/12%c2%aa-assembleia-pastoral-diocesana\/","title":{"rendered":"12\u00aa Assembl\u00e9ia Pastoral Diocesana"},"content":{"rendered":"<p>No \u00faltimo s\u00e1bado, 15 de novembro, o bispo de S\u00e3o Jos\u00e9 do Rio Preto, Dom Paulo Mendes Peixoto, reunido com os sacerdotes e com diversas lideran\u00e7as das par\u00f3quias da diocese, participaram da 12\u00aa Assembl\u00e9ia Pastoral Diocesana, onde foi apresentado o plano pastoral para os pr\u00f3ximos\u00a04 anos.<\/p>\n<p>Dom Paulo explica o principal intuito do Plano de pastoral:<\/p>\n[audio:http:\/\/vobr.webtvcn.com\/radio\/sjrp\/sonora 01 &#8211; dom paulo.mp3]\n<p>O coordenador de pastoral diocesana, Pe. Cleomar Bessa da Silva, falou sobre a necessidade da convers\u00e3o pessoal de cada cat\u00f3lico, para tornar-se um verdadeiro dis\u00edcipulo e mission\u00e1rio de Jesus Cristo:<\/p>\n[audio:http:\/\/vobr.webtvcn.com\/radio\/sjrp\/sonora 02 &#8211; pe. cleomar.mp3]\n<p>Dom Paulo, em entrevista \u00e0 R\u00e1dio Can\u00e7\u00e3o Nova de sua diocese, afirmou\u00a0 ainda que \u00e9 necess\u00e1rio haver unidade entre os movimentos, para que as propostas possam se concretizar:<\/p>\n[audio:http:\/\/vobr.webtvcn.com\/radio\/sjrp\/sonora 03 &#8211; dom paulo.mp3]\n<p>Por sua vez, Pe. Cleomar, completa falando sobre a import\u00e2ncia do testemunho de cada cat\u00f3lico para a evangeliza\u00e7\u00e3o e funcionalidade do Plano:<\/p>\n[audio:http:\/\/vobr.webtvcn.com\/radio\/sjrp\/sonora 04 &#8211; pe. cleomar.mp3]\n<p>O novo Plano Pastoral inclui propostas do Documento de Aparecida e\u00a0do S\u00ednodo dos Bispos\u00a0acontecido nesse\u00a0ano, e estar\u00e1 em\u00a0vigor\u00a0at\u00e9 2012.<\/p>\n<p align=\"right\">Reda\u00e7\u00e3o &#8211; R\u00e1dio Can\u00e7\u00e3o Nova do Cora\u00e7\u00e3o de Maria<\/p>\n","protected":false},"excerpt":{"rendered":"<p>No \u00faltimo s\u00e1bado, 15 de novembro, o bispo de S\u00e3o Jos\u00e9 do Rio Preto, Dom Paulo Mendes Peixoto, reunido com os sacerdotes e com diversas lideran\u00e7as das par\u00f3quias da diocese, participaram da 12\u00aa Assembl\u00e9ia Pastoral Diocesana, onde foi apresentado o&#8230;<\/p>\n","protected":false},"author":2701,"featured_media":0,"comment_status":"open","ping_status":"open","sticky":false,"template":"","format":"standard","meta":{"_mi_skip_tracking":false,"_monsterinsights_sitenote_active":false,"_monsterinsights_sitenote_note":"","_monsterinsights_sitenote_category":0,"footnotes":""},"categories":[4],"tags":[],"_links":{"self":[{"href":"https:\/\/blog.cancaonova.com\/riopreto\/wp-json\/wp\/v2\/posts\/1587"}],"collection":[{"href":"https:\/\/blog.cancaonova.com\/riopreto\/wp-json\/wp\/v2\/posts"}],"about":[{"href":"https:\/\/blog.cancaonova.com\/riopreto\/wp-json\/wp\/v2\/types\/post"}],"author":[{"embeddable":true,"href":"https:\/\/blog.cancaonova.com\/riopreto\/wp-json\/wp\/v2\/users\/2701"}],"replies":[{"embeddable":true,"href":"https:\/\/blog.cancaonova.com\/riopreto\/wp-json\/wp\/v2\/comments?post=1587"}],"version-history":[{"count":0,"href":"https:\/\/blog.cancaonova.com\/riopreto\/wp-json\/wp\/v2\/posts\/1587\/revisions"}],"wp:attachment":[{"href":"https:\/\/blog.cancaonova.com\/riopreto\/wp-json\/wp\/v2\/media?parent=1587"}],"wp:term":[{"taxonomy":"category","embeddable":true,"href":"https:\/\/blog.cancaonova.com\/riopreto\/wp-json\/wp\/v2\/categories?post=1587"},{"taxonomy":"post_tag","embeddable":true,"href":"https:\/\/blog.cancaonova.com\/riopreto\/wp-json\/wp\/v2\/tags?post=1587"}],"curies":[{"name":"wp","href":"https:\/\/api.w.org\/{rel}","templated":true}]}}