{"id":1588,"date":"2008-11-21T12:37:36","date_gmt":"2008-11-21T15:37:36","guid":{"rendered":"http:\/\/blog.cancaonova.com\/riopreto\/2008\/11\/21\/foi-bom-demais\/"},"modified":"2008-11-24T16:32:40","modified_gmt":"2008-11-24T19:32:40","slug":"foi-bom-demais","status":"publish","type":"post","link":"https:\/\/blog.cancaonova.com\/riopreto\/foi-bom-demais\/","title":{"rendered":"Foi bom demais!!!"},"content":{"rendered":"<p>A noite PHN com o Dunga na S\u00e9 Catedral de S\u00e3o Jos\u00e9 do Rio Preto, contou com a presen\u00e7a de aproximadamente mil pessoas.\u00a0Tendo iniciado\u00a0com a Santa Missa presidida pelo Pe. Salvador Aparecido e logo ap\u00f3s, o Dunga deu continuidade \u00e0 noite de louvor com prega\u00e7\u00e3o e muita m\u00fasica.<\/p>\n<p align=\"left\">\u00a0Confira um pouco do que foi esse evento:<\/p>\n<p align=\"left\">&nbsp;<\/p>\n<p align=\"center\"><object width=\"480\" height=\"385\"><param name=\"movie\" value=\"http:\/\/www.youtube.com\/v\/4KOQb21KNKg\"><\/param><param name=\"allowFullScreen\" value=\"true\"><\/param><param name=\"allowscriptaccess\" value=\"always\"><\/param><embed src=\"http:\/\/www.youtube.com\/v\/4KOQb21KNKg\" type=\"application\/x-shockwave-flash\" allowscriptaccess=\"always\" allowfullscreen=\"true\" width=\"480\" height=\"385\"><\/embed><\/object>\n<\/p>\n<p align=\"center\"><object width=\"480\" height=\"385\"><param name=\"movie\" value=\"http:\/\/www.youtube.com\/v\/_EFvsmWV2Ys\"><\/param><param name=\"allowFullScreen\" value=\"true\"><\/param><param name=\"allowscriptaccess\" value=\"always\"><\/param><embed src=\"http:\/\/www.youtube.com\/v\/_EFvsmWV2Ys\" type=\"application\/x-shockwave-flash\" allowscriptaccess=\"always\" allowfullscreen=\"true\" width=\"480\" height=\"385\"><\/embed><\/object>\n<\/p>\n<p align=\"center\">&nbsp;<\/p>\n<p><a href=\"http:\/\/www.flickr.com\/photos\/26400286@N03\/\">Clique\u00a0aqui para ver as FOTOS deste evento.<\/a><\/p>\n<p align=\"right\">Deixe seu coment\u00e1rio<\/p>\n<p align=\"right\">&nbsp;<\/p>\n<p align=\"center\">&#8220;Ser Can\u00e7\u00e3o Nova \u00e9 bom demais!!!&#8221;<\/p>\n","protected":false},"excerpt":{"rendered":"<p>A noite PHN com o Dunga na S\u00e9 Catedral de S\u00e3o Jos\u00e9 do Rio Preto, contou com a presen\u00e7a de aproximadamente mil pessoas.\u00a0Tendo iniciado\u00a0com a Santa Missa presidida pelo Pe. Salvador Aparecido e logo ap\u00f3s, o Dunga deu continuidade \u00e0&#8230;<\/p>\n","protected":false},"author":2701,"featured_media":0,"comment_status":"open","ping_status":"open","sticky":false,"template":"","format":"standard","meta":{"_mi_skip_tracking":false,"_monsterinsights_sitenote_active":false,"_monsterinsights_sitenote_note":"","_monsterinsights_sitenote_category":0,"footnotes":""},"categories":[19],"tags":[],"_links":{"self":[{"href":"https:\/\/blog.cancaonova.com\/riopreto\/wp-json\/wp\/v2\/posts\/1588"}],"collection":[{"href":"https:\/\/blog.cancaonova.com\/riopreto\/wp-json\/wp\/v2\/posts"}],"about":[{"href":"https:\/\/blog.cancaonova.com\/riopreto\/wp-json\/wp\/v2\/types\/post"}],"author":[{"embeddable":true,"href":"https:\/\/blog.cancaonova.com\/riopreto\/wp-json\/wp\/v2\/users\/2701"}],"replies":[{"embeddable":true,"href":"https:\/\/blog.cancaonova.com\/riopreto\/wp-json\/wp\/v2\/comments?post=1588"}],"version-history":[{"count":0,"href":"https:\/\/blog.cancaonova.com\/riopreto\/wp-json\/wp\/v2\/posts\/1588\/revisions"}],"wp:attachment":[{"href":"https:\/\/blog.cancaonova.com\/riopreto\/wp-json\/wp\/v2\/media?parent=1588"}],"wp:term":[{"taxonomy":"category","embeddable":true,"href":"https:\/\/blog.cancaonova.com\/riopreto\/wp-json\/wp\/v2\/categories?post=1588"},{"taxonomy":"post_tag","embeddable":true,"href":"https:\/\/blog.cancaonova.com\/riopreto\/wp-json\/wp\/v2\/tags?post=1588"}],"curies":[{"name":"wp","href":"https:\/\/api.w.org\/{rel}","templated":true}]}}