{"id":1595,"date":"2008-12-03T15:31:39","date_gmt":"2008-12-03T18:31:39","guid":{"rendered":"http:\/\/blog.cancaonova.com\/riopreto\/2008\/12\/03\/ao-fim-da-chuva\/"},"modified":"2008-12-17T08:38:46","modified_gmt":"2008-12-17T11:38:46","slug":"ao-fim-da-chuva","status":"publish","type":"post","link":"https:\/\/blog.cancaonova.com\/riopreto\/ao-fim-da-chuva\/","title":{"rendered":"Ao fim da chuva..."},"content":{"rendered":"<p><a title=\"cn03122008.jpg\" rel=\"attachment wp-att-1596\" href=\"http:\/\/blog.cancaonova.com\/riopreto\/?attachment_id=1596\"><\/a><a title=\"cn031220081.jpg\" rel=\"attachment wp-att-1597\" href=\"http:\/\/blog.cancaonova.com\/riopreto\/?attachment_id=1597\"><\/a><a title=\"cn031220081.jpg\" rel=\"attachment wp-att-1597\" href=\"http:\/\/blog.cancaonova.com\/riopreto\/?attachment_id=1597\"><\/a><a title=\"cn031220081.jpg\" rel=\"attachment wp-att-1597\" href=\"http:\/\/blog.cancaonova.com\/riopreto\/?attachment_id=1597\"><\/a><\/p>\n<p><a href=\"http:\/\/blog.cancaonova.com\/riopreto\"><\/a><\/p>\n<p>\u00a0\u00a0\u00a0\u00a0\u00a0\u00a0\u00a0\u00a0\u00a0\u00a0\u00a0\u00a0\u00a0\u00a0\u00a0\u00a0\u00a0\u00a0\u00a0\u00a0\u00a0\u00a0\u00a0\u00a0\u00a0\u00a0\u00a0\u00a0\u00a0\u00a0\u00a0\u00a0\u00a0\u00a0\u00a0\u00a0\u00a0\u00a0<a href=\"http:\/\/blog.cancaonova.com\/riopreto\"><img decoding=\"async\" src=\"http:\/\/blog.cancaonova.com\/riopreto\/files\/2008\/12\/cn031220081.jpg\" alt=\"cn031220081.jpg\" \/><\/a><\/p>\n<p>Chove l\u00e1 fora e daqui h\u00e1 algum tempo a semente que o agricultor plantou morrer\u00e1 e dar\u00e1 lugar \u00e0 vegeta\u00e7\u00e3o, aos frutos que comeremos\u2026<\/p>\n<p>Faz lembrar-me das l\u00e1grimas que outrora derramava, eu em meus momentos de tribula\u00e7\u00f5es e prova\u00e7\u00f5es\u2026 E, hoje o quanto estou feliz pelas gra\u00e7as que Deus me concede! As l\u00e1grimas que molhavam, na verdade fertilizavam as sementes no meu cora\u00e7\u00e3o, todo o desejo que ali havia, os bons sonhos que hoje s\u00e3o bons frutos\u2026<\/p>\n<p>\u00c9 preciso deixar que a semente morra\u2026 A verdade \u00e9 que n\u00e3o d\u00e1 pra colher sem antes plantar, semear, e <strong>deixar que o tempo e o viver venham regar o nosso campo.<\/strong><\/p>\n<p>Os frutos vir\u00e3o e a colheita depende do bom solo, que sendo f\u00e9rtil haver\u00e1 de florescer..<\/p>\n<p>Que as \u00e1guas do Esp\u00edrito Santo de Deus venham fecundar esse nosso solo que \u00e9 o cora\u00e7\u00e3o e o viver de cada um\u2026<\/p>\n<p align=\"right\">\u00a0Alexandre Freitas<br \/>\nvocacionado \u00e0 Com. Can\u00e7\u00e3o Nova<\/p>\n<p align=\"left\">Ou\u00e7a tamb\u00e9m a<strong> m\u00fasica &#8220;Ao fim da chuva&#8221;\u00a0&#8211; Maninho<\/strong> [audio:http:\/\/vobr.webtvcn.com\/radio\/sjrp\/ao fim da chuva.mp3]<\/p>\n<p align=\"right\">Deixe seu coment\u00e1rio<\/p>\n","protected":false},"excerpt":{"rendered":"<p>\u00a0\u00a0\u00a0\u00a0\u00a0\u00a0\u00a0\u00a0\u00a0\u00a0\u00a0\u00a0\u00a0\u00a0\u00a0\u00a0\u00a0\u00a0\u00a0\u00a0\u00a0\u00a0\u00a0\u00a0\u00a0\u00a0\u00a0\u00a0\u00a0\u00a0\u00a0\u00a0\u00a0\u00a0\u00a0\u00a0\u00a0\u00a0 Chove l\u00e1 fora e daqui h\u00e1 algum tempo a semente que o agricultor plantou morrer\u00e1 e dar\u00e1 lugar \u00e0 vegeta\u00e7\u00e3o, aos frutos que comeremos\u2026 Faz lembrar-me das l\u00e1grimas que outrora derramava, eu em meus momentos de tribula\u00e7\u00f5es e prova\u00e7\u00f5es\u2026&#8230;<\/p>\n","protected":false},"author":2701,"featured_media":0,"comment_status":"open","ping_status":"open","sticky":false,"template":"","format":"standard","meta":{"_mi_skip_tracking":false,"_monsterinsights_sitenote_active":false,"_monsterinsights_sitenote_note":"","_monsterinsights_sitenote_category":0,"footnotes":""},"categories":[23],"tags":[],"_links":{"self":[{"href":"https:\/\/blog.cancaonova.com\/riopreto\/wp-json\/wp\/v2\/posts\/1595"}],"collection":[{"href":"https:\/\/blog.cancaonova.com\/riopreto\/wp-json\/wp\/v2\/posts"}],"about":[{"href":"https:\/\/blog.cancaonova.com\/riopreto\/wp-json\/wp\/v2\/types\/post"}],"author":[{"embeddable":true,"href":"https:\/\/blog.cancaonova.com\/riopreto\/wp-json\/wp\/v2\/users\/2701"}],"replies":[{"embeddable":true,"href":"https:\/\/blog.cancaonova.com\/riopreto\/wp-json\/wp\/v2\/comments?post=1595"}],"version-history":[{"count":3,"href":"https:\/\/blog.cancaonova.com\/riopreto\/wp-json\/wp\/v2\/posts\/1595\/revisions"}],"predecessor-version":[{"id":1599,"href":"https:\/\/blog.cancaonova.com\/riopreto\/wp-json\/wp\/v2\/posts\/1595\/revisions\/1599"}],"wp:attachment":[{"href":"https:\/\/blog.cancaonova.com\/riopreto\/wp-json\/wp\/v2\/media?parent=1595"}],"wp:term":[{"taxonomy":"category","embeddable":true,"href":"https:\/\/blog.cancaonova.com\/riopreto\/wp-json\/wp\/v2\/categories?post=1595"},{"taxonomy":"post_tag","embeddable":true,"href":"https:\/\/blog.cancaonova.com\/riopreto\/wp-json\/wp\/v2\/tags?post=1595"}],"curies":[{"name":"wp","href":"https:\/\/api.w.org\/{rel}","templated":true}]}}