{"id":1648,"date":"2009-01-22T14:45:10","date_gmt":"2009-01-22T17:45:10","guid":{"rendered":"http:\/\/blog.cancaonova.com\/riopreto\/?p=1648"},"modified":"2009-01-28T11:01:28","modified_gmt":"2009-01-28T14:01:28","slug":"projeto-de-artes-cancao-nova","status":"publish","type":"post","link":"https:\/\/blog.cancaonova.com\/riopreto\/projeto-de-artes-cancao-nova\/","title":{"rendered":":: Projeto de Artes Can\u00e7\u00e3o Nova ::"},"content":{"rendered":"<div><a href=\"http:\/\/URLdopost\"><\/a><\/div>\n<p style=\"text-align: center\"><a href=\"http:\/\/URLdopost\"><img loading=\"lazy\" decoding=\"async\" class=\"size-full wp-image-1651  aligncenter\" src=\"http:\/\/blog.cancaonova.com\/riopreto\/files\/2009\/01\/barra_musica3.jpg\" alt=\"\" width=\"400\" height=\"100\" \/><\/a><a href=\"http:\/\/URLdopost\"><\/a><\/p>\n<p style=\"text-align: left\">\u00a0<strong>Curso popular de harmonia para\u00a0VIOL\u00c3O e TECLADO<\/strong> em nossa Casa de Evangeliza\u00e7\u00e3o.<br \/>\n(para tocar em grupo, banda, etc)<\/p>\n<p style=\"text-align: right\">* Professor Alexandre Freitas\u00a0<\/p>\n<p style=\"text-align: center\">E em 2009\u00a0o Projeto de Artes Can\u00e7\u00e3o Nova tem novidade!!!<a href=\"http:\/\/URLdopost\"><img loading=\"lazy\" decoding=\"async\" class=\"size-full wp-image-1649  aligncenter\" src=\"http:\/\/blog.cancaonova.com\/riopreto\/files\/2009\/01\/cn220109_.jpg\" alt=\"\" width=\"350\" height=\"259\" \/><\/a><\/p>\n<p style=\"text-align: center\">VIOLINO &#8211; VIOLA CL\u00c1SSICA &#8211; CELLO &#8211; BAIXO CL\u00c1SSICO<br \/>\nVoc\u00ea que j\u00e1 \u00e9 m\u00fasico entre em contato conosco. E voc\u00ea que ainda n\u00e3o \u00e9, venha aprender!<\/p>\n<p style=\"text-align: right\">* Professor Alan<\/p>\n<p style=\"text-align: left\"><strong>Inscri\u00e7\u00f5es e informa\u00e7\u00f5es: 17 3233 4600<br \/>\n<\/strong>e-mail : <a href=\"mailto:artesriopreto@cancaonova.com\"><strong>artesriopreto@cancaonova.com<\/strong><\/a><\/p>\n","protected":false},"excerpt":{"rendered":"<p>\u00a0Curso popular de harmonia para\u00a0VIOL\u00c3O e TECLADO em nossa Casa de Evangeliza\u00e7\u00e3o. (para tocar em grupo, banda, etc) * Professor Alexandre Freitas\u00a0 E em 2009\u00a0o Projeto de Artes Can\u00e7\u00e3o Nova tem novidade!!! VIOLINO &#8211; VIOLA CL\u00c1SSICA &#8211; CELLO &#8211; BAIXO&#8230;<\/p>\n","protected":false},"author":2701,"featured_media":0,"comment_status":"open","ping_status":"open","sticky":false,"template":"","format":"standard","meta":{"_mi_skip_tracking":false,"_monsterinsights_sitenote_active":false,"_monsterinsights_sitenote_note":"","_monsterinsights_sitenote_category":0,"footnotes":""},"categories":[4],"tags":[],"_links":{"self":[{"href":"https:\/\/blog.cancaonova.com\/riopreto\/wp-json\/wp\/v2\/posts\/1648"}],"collection":[{"href":"https:\/\/blog.cancaonova.com\/riopreto\/wp-json\/wp\/v2\/posts"}],"about":[{"href":"https:\/\/blog.cancaonova.com\/riopreto\/wp-json\/wp\/v2\/types\/post"}],"author":[{"embeddable":true,"href":"https:\/\/blog.cancaonova.com\/riopreto\/wp-json\/wp\/v2\/users\/2701"}],"replies":[{"embeddable":true,"href":"https:\/\/blog.cancaonova.com\/riopreto\/wp-json\/wp\/v2\/comments?post=1648"}],"version-history":[{"count":8,"href":"https:\/\/blog.cancaonova.com\/riopreto\/wp-json\/wp\/v2\/posts\/1648\/revisions"}],"predecessor-version":[{"id":1654,"href":"https:\/\/blog.cancaonova.com\/riopreto\/wp-json\/wp\/v2\/posts\/1648\/revisions\/1654"}],"wp:attachment":[{"href":"https:\/\/blog.cancaonova.com\/riopreto\/wp-json\/wp\/v2\/media?parent=1648"}],"wp:term":[{"taxonomy":"category","embeddable":true,"href":"https:\/\/blog.cancaonova.com\/riopreto\/wp-json\/wp\/v2\/categories?post=1648"},{"taxonomy":"post_tag","embeddable":true,"href":"https:\/\/blog.cancaonova.com\/riopreto\/wp-json\/wp\/v2\/tags?post=1648"}],"curies":[{"name":"wp","href":"https:\/\/api.w.org\/{rel}","templated":true}]}}