{"id":1658,"date":"2009-01-23T16:05:00","date_gmt":"2009-01-23T19:05:00","guid":{"rendered":"http:\/\/blog.cancaonova.com\/riopreto\/?p=1658"},"modified":"2009-01-23T17:01:20","modified_gmt":"2009-01-23T20:01:20","slug":"80-anos-de-historia","status":"publish","type":"post","link":"https:\/\/blog.cancaonova.com\/riopreto\/80-anos-de-historia\/","title":{"rendered":"80 anos de Hist\u00f3ria!!!"},"content":{"rendered":"<p style=\"text-align: center\"><strong>&#8220;V\u00e3o e fa\u00e7am com que todos os povos se tornem meus disc\u00edpulos&#8221;<\/strong> (Mt 28,19)<\/p>\n<p>Esse \u00e9 o tema da Festa da Unidade, que marca os 80 anos da Diocese de S\u00e3o Jos\u00e9 do Rio Preto.<\/p>\n<p>No Centro Regional de Eventos (Avenida Jos\u00e9 Munia\/SJRP), as comemora\u00e7\u00f5es ter\u00e3o in\u00edcio as 13h30 com a acolhida das\u00a0 caravanas. \u00c0s 14h haver\u00e1 um show, em comemora\u00e7\u00e3o dos 80 anos, com Dalvimar Gallo.<\/p>\n<p>Padre S\u00edlvio Roberto, da Par\u00f3quia Santa Luzia &#8211; Votuporanga\/SP, Coordenador da Comiss\u00e3o dos 80 anos, em entrevista exclusiva para a R\u00e1dio Can\u00e7\u00e3o Nova do Cora\u00e7\u00e3o de Maria, fala da import\u00e2ncia dessa data t\u00e3o significativa para a Diocese.<\/p>\n[audio:http:\/\/vobr.webtvcn.com\/radio\/sjrp\/sonora1 &#8211; pe. silvio.mp3]\n<p>Ap\u00f3s o show haver\u00e1 ainda um momento &#8220;Dance Cristo Hits&#8221; e din\u00e2micas. Al\u00e9m disso, ser\u00e3o apresentadas curiosidades hist\u00f3ricas da Diocese, banners das Par\u00f3quias e Movimentos que aqui est\u00e3o inseridos.<\/p>\n<p>Mas o momento \u00e1pice da Festa ser\u00e1 a Celebra\u00e7\u00e3o Eucar\u00edstica, \u00e0s 16h, celebrada por Dom Paulo Mendes Peixoto. Padre S\u00edlvio fala sobre a prepara\u00e7\u00e3o dessa Santa Missa.<\/p>\n[audio:http:\/\/vobr.webtvcn.com\/radio\/sjrp\/sonora2 &#8211; pe. silvio.mp3]\n<p style=\"text-align: center\">Participe desse momento hist\u00f3rico: <strong>80 anos da Diocese de S\u00e3o Jos\u00e9 do Rio Preto, 80 anos de F\u00e9 e de Vida!<\/strong><\/p>\n<p style=\"text-align: center\"><strong><\/strong><\/p>\n<p style=\"text-align: left\"><strong><a href=\"http:\/\/blog.cancaonova.com\/riopreto\/?p=1661\">Saiba mais sobre a hist\u00f3ria da Diocese<\/a><\/strong><\/p>\n","protected":false},"excerpt":{"rendered":"<p>&#8220;V\u00e3o e fa\u00e7am com que todos os povos se tornem meus disc\u00edpulos&#8221; (Mt 28,19) Esse \u00e9 o tema da Festa da Unidade, que marca os 80 anos da Diocese de S\u00e3o Jos\u00e9 do Rio Preto. No Centro Regional de Eventos&#8230;<\/p>\n","protected":false},"author":2701,"featured_media":0,"comment_status":"open","ping_status":"open","sticky":false,"template":"","format":"standard","meta":{"_mi_skip_tracking":false,"_monsterinsights_sitenote_active":false,"_monsterinsights_sitenote_note":"","_monsterinsights_sitenote_category":0,"footnotes":""},"categories":[16602],"tags":[],"_links":{"self":[{"href":"https:\/\/blog.cancaonova.com\/riopreto\/wp-json\/wp\/v2\/posts\/1658"}],"collection":[{"href":"https:\/\/blog.cancaonova.com\/riopreto\/wp-json\/wp\/v2\/posts"}],"about":[{"href":"https:\/\/blog.cancaonova.com\/riopreto\/wp-json\/wp\/v2\/types\/post"}],"author":[{"embeddable":true,"href":"https:\/\/blog.cancaonova.com\/riopreto\/wp-json\/wp\/v2\/users\/2701"}],"replies":[{"embeddable":true,"href":"https:\/\/blog.cancaonova.com\/riopreto\/wp-json\/wp\/v2\/comments?post=1658"}],"version-history":[{"count":4,"href":"https:\/\/blog.cancaonova.com\/riopreto\/wp-json\/wp\/v2\/posts\/1658\/revisions"}],"predecessor-version":[{"id":1668,"href":"https:\/\/blog.cancaonova.com\/riopreto\/wp-json\/wp\/v2\/posts\/1658\/revisions\/1668"}],"wp:attachment":[{"href":"https:\/\/blog.cancaonova.com\/riopreto\/wp-json\/wp\/v2\/media?parent=1658"}],"wp:term":[{"taxonomy":"category","embeddable":true,"href":"https:\/\/blog.cancaonova.com\/riopreto\/wp-json\/wp\/v2\/categories?post=1658"},{"taxonomy":"post_tag","embeddable":true,"href":"https:\/\/blog.cancaonova.com\/riopreto\/wp-json\/wp\/v2\/tags?post=1658"}],"curies":[{"name":"wp","href":"https:\/\/api.w.org\/{rel}","templated":true}]}}