{"id":1661,"date":"2009-01-23T16:22:24","date_gmt":"2009-01-23T19:22:24","guid":{"rendered":"http:\/\/blog.cancaonova.com\/riopreto\/?p=1661"},"modified":"2009-01-23T17:02:12","modified_gmt":"2009-01-23T20:02:12","slug":"aniversario-da-diocese-de-sao-jose-do-rio-preto","status":"publish","type":"post","link":"https:\/\/blog.cancaonova.com\/riopreto\/aniversario-da-diocese-de-sao-jose-do-rio-preto\/","title":{"rendered":"Anivers\u00e1rio da Diocese de S\u00e3o Jos\u00e9 do Rio Preto"},"content":{"rendered":"<p style=\"text-align: center\"><a href=\"http:\/\/URLdopost\"><img loading=\"lazy\" decoding=\"async\" class=\"size-full wp-image-1662   alignnone\" src=\"http:\/\/blog.cancaonova.com\/riopreto\/files\/2009\/01\/brasao80anos_.jpg\" alt=\"\" width=\"300\" height=\"260\" \/><\/a><\/p>\n<p style=\"text-align: left\">Dia 25 de janeiro de 1929, foi criada a Diocese de S\u00e3o Jos\u00e9 do Rio Preto, atrav\u00e9s da bula &#8220;Sollicitudo Omnium Ecclesiarum&#8221;, do Papa Pio XI. Em janeiro de 1931 Dom Lafayette Lib\u00e2nio toma posse can\u00f4nica, sendo o primeiro bispo da Diocese (de 1931 \u00e0 1966).<\/p>\n<p>Ao longo desses 80 anos de hist\u00f3ria, passaram por aqui os bispos Dom Jos\u00e9 Joaquim Gon\u00e7alves, bispo auxiliar (de 1966 \u00e0 1968, j\u00e1 falecido) Dom Jos\u00e9 de Aquino Pereira (de 1968 \u00e0 1997, hoje bispo em\u00e9rito); Dom Orani Jo\u00e3o Tempesta (de 1997 \u00e0 2004, hoje arcebispo de Bel\u00e9m do Par\u00e1) e o bispo atual Dom Paulo Mendes Peixto, nomeado bispo em 07 de dezembro de 2005, por Bento XVI e tomado posse da diocese em 25 de mar\u00e7o de 2006.<\/p>\n<p>Pela bula de cria\u00e7\u00e3o constava na Diocese 15 par\u00f3quias. Atualmente, a Diocese de S\u00e3o Jos\u00e9 do Rio Preto est\u00e1 constitu\u00edda por 86 Par\u00f3quias, 5 Santu\u00e1rios e 1 Semin\u00e1rio Diocesano.<\/p>\n<p>A popula\u00e7\u00e3o da Diocese, segundo Censo do IBGE\/2007, \u00e9 de 970.675 habitantes.<\/p>\n<p>A Diocese conta ainda com a poderosa intercess\u00e3o do &#8220;O imaculado Cora\u00e7\u00e3o de Maria&#8221; declarado pelo Papa Pio XII padroeiro dessa Diocese em 17 de agosto de 1954.<\/p>\n<p><a href=\"http:\/\/URLdopost\"><img loading=\"lazy\" decoding=\"async\" class=\"size-full wp-image-1663  aligncenter\" src=\"http:\/\/blog.cancaonova.com\/riopreto\/files\/2009\/01\/maria.jpg\" alt=\"\" width=\"200\" height=\"150\" \/><\/a><strong>&#8220;&#8230;Em vosso Cora\u00e7\u00e3o Imaculado guardai a Diocese de Rio Preto,\u00a0para que sejamos felizes neste mundo e gozemos mais tarde a eterna bem aventuran\u00e7a no c\u00e9u. Assim seja.&#8221;<\/strong><br \/>\n(Ora\u00e7\u00e3o\u00a0por ocasi\u00e3o da\u00a0Solenidade em 8 de dezembro de1954)<\/p>\n<p><strong><a href=\"http:\/\/blog.cancaonova.com\/riopreto\/?p=1658\">Saiba mais sobre a Festa da Unidade<\/a><\/strong><\/p>\n","protected":false},"excerpt":{"rendered":"<p>Dia 25 de janeiro de 1929, foi criada a Diocese de S\u00e3o Jos\u00e9 do Rio Preto, atrav\u00e9s da bula &#8220;Sollicitudo Omnium Ecclesiarum&#8221;, do Papa Pio XI. Em janeiro de 1931 Dom Lafayette Lib\u00e2nio toma posse can\u00f4nica, sendo o primeiro bispo&#8230;<\/p>\n","protected":false},"author":2701,"featured_media":0,"comment_status":"open","ping_status":"open","sticky":false,"template":"","format":"standard","meta":{"_mi_skip_tracking":false,"_monsterinsights_sitenote_active":false,"_monsterinsights_sitenote_note":"","_monsterinsights_sitenote_category":0,"footnotes":""},"categories":[16602],"tags":[],"_links":{"self":[{"href":"https:\/\/blog.cancaonova.com\/riopreto\/wp-json\/wp\/v2\/posts\/1661"}],"collection":[{"href":"https:\/\/blog.cancaonova.com\/riopreto\/wp-json\/wp\/v2\/posts"}],"about":[{"href":"https:\/\/blog.cancaonova.com\/riopreto\/wp-json\/wp\/v2\/types\/post"}],"author":[{"embeddable":true,"href":"https:\/\/blog.cancaonova.com\/riopreto\/wp-json\/wp\/v2\/users\/2701"}],"replies":[{"embeddable":true,"href":"https:\/\/blog.cancaonova.com\/riopreto\/wp-json\/wp\/v2\/comments?post=1661"}],"version-history":[{"count":5,"href":"https:\/\/blog.cancaonova.com\/riopreto\/wp-json\/wp\/v2\/posts\/1661\/revisions"}],"predecessor-version":[{"id":1667,"href":"https:\/\/blog.cancaonova.com\/riopreto\/wp-json\/wp\/v2\/posts\/1661\/revisions\/1667"}],"wp:attachment":[{"href":"https:\/\/blog.cancaonova.com\/riopreto\/wp-json\/wp\/v2\/media?parent=1661"}],"wp:term":[{"taxonomy":"category","embeddable":true,"href":"https:\/\/blog.cancaonova.com\/riopreto\/wp-json\/wp\/v2\/categories?post=1661"},{"taxonomy":"post_tag","embeddable":true,"href":"https:\/\/blog.cancaonova.com\/riopreto\/wp-json\/wp\/v2\/tags?post=1661"}],"curies":[{"name":"wp","href":"https:\/\/api.w.org\/{rel}","templated":true}]}}