{"id":1675,"date":"2009-01-25T14:57:42","date_gmt":"2009-01-25T17:57:42","guid":{"rendered":"http:\/\/blog.cancaonova.com\/riopreto\/?p=1675"},"modified":"2009-01-26T08:32:04","modified_gmt":"2009-01-26T11:32:04","slug":"8%c2%aa-festa-da-unidade","status":"publish","type":"post","link":"https:\/\/blog.cancaonova.com\/riopreto\/8%c2%aa-festa-da-unidade\/","title":{"rendered":"8\u00aa Festa da Unidade"},"content":{"rendered":"<p style=\"text-align: center\"><a href=\"http:\/\/www.flickr.com\/photos\/26400286@N03\/?saved=1\"><img loading=\"lazy\" decoding=\"async\" class=\"size-full wp-image-1674  aligncenter\" src=\"http:\/\/blog.cancaonova.com\/riopreto\/files\/2009\/01\/02568.jpg\" alt=\"\" width=\"500\" height=\"375\" \/><\/a><\/p>\n<p>A Festa da Unidade neste ano de 2009 come\u00e7ou com um show com Dalvimar Gallo, no Centro Regional de Eventos de S\u00e3o Jos\u00e9 do Rio Preto.<\/p>\n<p style=\"text-align: center\"><a href=\"http:\/\/www.flickr.com\/photos\/26400286@N03\/?saved=1\">Clique aqui para ver as fotos.<\/a><\/p>\n<p style=\"text-align: left\">\n<strong>Veja o v\u00eddeo com a m\u00fasica &#8220;Tua Fam\u00edlia&#8221;<\/strong><\/p>\n<p style=\"text-align: center\"><object width=\"480\" height=\"385\"><param name=\"movie\" value=\"http:\/\/www.youtube.com\/v\/unLAVvoEeXM\"><\/param><param name=\"allowFullScreen\" value=\"true\"><\/param><param name=\"allowscriptaccess\" value=\"always\"><\/param><embed src=\"http:\/\/www.youtube.com\/v\/unLAVvoEeXM\" type=\"application\/x-shockwave-flash\" allowscriptaccess=\"always\" allowfullscreen=\"true\" width=\"480\" height=\"385\"><\/embed><\/object>\n<\/p>\n<p>Logo mais, \u00e0s 16h acontecer\u00e1 a Santa Missa, presidida por Dom Paulo Mendes Peixoto, bispo da Diocese de S\u00e3o Jos\u00e9 do Rio Preto\/SP.<\/p>\n<p>Ou\u00e7a ao vivo toda a transmiss\u00e3o deste evento clicando <a href=\"http:\/\/www.cancaonova.com\/radioriopreto.asx\">AQUI.<\/a><\/p>\n<p style=\"text-align: right\">Deixe seu coment\u00e1rio<a href=\"http:\/\/URLdopost\"><\/a><\/p>\n","protected":false},"excerpt":{"rendered":"<p>A Festa da Unidade neste ano de 2009 come\u00e7ou com um show com Dalvimar Gallo, no Centro Regional de Eventos de S\u00e3o Jos\u00e9 do Rio Preto. Clique aqui para ver as fotos. Veja o v\u00eddeo com a m\u00fasica &#8220;Tua Fam\u00edlia&#8221;&#8230;<\/p>\n","protected":false},"author":2701,"featured_media":0,"comment_status":"open","ping_status":"open","sticky":false,"template":"","format":"standard","meta":{"_mi_skip_tracking":false,"_monsterinsights_sitenote_active":false,"_monsterinsights_sitenote_note":"","_monsterinsights_sitenote_category":0,"footnotes":""},"categories":[16602],"tags":[],"_links":{"self":[{"href":"https:\/\/blog.cancaonova.com\/riopreto\/wp-json\/wp\/v2\/posts\/1675"}],"collection":[{"href":"https:\/\/blog.cancaonova.com\/riopreto\/wp-json\/wp\/v2\/posts"}],"about":[{"href":"https:\/\/blog.cancaonova.com\/riopreto\/wp-json\/wp\/v2\/types\/post"}],"author":[{"embeddable":true,"href":"https:\/\/blog.cancaonova.com\/riopreto\/wp-json\/wp\/v2\/users\/2701"}],"replies":[{"embeddable":true,"href":"https:\/\/blog.cancaonova.com\/riopreto\/wp-json\/wp\/v2\/comments?post=1675"}],"version-history":[{"count":6,"href":"https:\/\/blog.cancaonova.com\/riopreto\/wp-json\/wp\/v2\/posts\/1675\/revisions"}],"predecessor-version":[{"id":1677,"href":"https:\/\/blog.cancaonova.com\/riopreto\/wp-json\/wp\/v2\/posts\/1675\/revisions\/1677"}],"wp:attachment":[{"href":"https:\/\/blog.cancaonova.com\/riopreto\/wp-json\/wp\/v2\/media?parent=1675"}],"wp:term":[{"taxonomy":"category","embeddable":true,"href":"https:\/\/blog.cancaonova.com\/riopreto\/wp-json\/wp\/v2\/categories?post=1675"},{"taxonomy":"post_tag","embeddable":true,"href":"https:\/\/blog.cancaonova.com\/riopreto\/wp-json\/wp\/v2\/tags?post=1675"}],"curies":[{"name":"wp","href":"https:\/\/api.w.org\/{rel}","templated":true}]}}