{"id":1682,"date":"2009-01-25T17:17:29","date_gmt":"2009-01-25T20:17:29","guid":{"rendered":"http:\/\/blog.cancaonova.com\/riopreto\/?p=1682"},"modified":"2009-01-26T10:56:48","modified_gmt":"2009-01-26T13:56:48","slug":"celebracao-eucaristica","status":"publish","type":"post","link":"https:\/\/blog.cancaonova.com\/riopreto\/celebracao-eucaristica\/","title":{"rendered":"Celebra\u00e7\u00e3o Eucar\u00edstica"},"content":{"rendered":"<p style=\"text-align: center\">\u00a0<a href=\"http:\/\/www.flickr.com\/photos\/26400286@N03\/?saved=1\"><img loading=\"lazy\" decoding=\"async\" class=\"size-full wp-image-1683    aligncenter\" src=\"http:\/\/blog.cancaonova.com\/riopreto\/files\/2009\/01\/02670_.jpg\" alt=\"\" width=\"400\" height=\"300\" \/><\/a><\/p>\n<p>Estiveram no Centro Regional de Eventos cerca de 15 mil pessoas para\u00a0a Celebra\u00e7\u00e3o Eucar\u00edstica em comemora\u00e7\u00e3o dos 80 anos da Diocese de S\u00e3o Jos\u00e9 do Rio Preto.<\/p>\n<p>Dom Paulo em sua homilia lembrou das primeiras capelas e dos primeiros padres que iniciaram a evangeliza\u00e7\u00e3o nesta Diocese. Foi citado ainda o primeiro bispo Dom Lafayete Lib\u00e2nio e os bispos que o sucederam. Foram lembrados tamb\u00e9m, todos que gastaram suas for\u00e7as para que o Evangelho fosse anunciado em toda essa regi\u00e3o, bem como sacerdotes, religiosos e leigos.<\/p>\n<p>Dom Paulo destacou ainda a figura do Ap\u00f3stolo Paulo, maior evangelizador da Igreja, lembrando o Ano Paulino que estamos vivendo. Falando do Evangelho de hoje, Dom Paulo afirmou que cada diocesano precisa ser protagonista do Evangelho, sendo construtores dessa Igreja Particular.<\/p>\n<p style=\"text-align: center\"><a href=\"http:\/\/www.flickr.com\/photos\/26400286@N03\/?saved=1\">Clique\u00a0AQUI para ver as fotos dessa Celebra\u00e7\u00e3o.<\/a><\/p>\n<p><strong>\u00a0Veja o Hino dos 80 anos:<\/strong><\/p>\n<p style=\"text-align: center\"><object width=\"480\" height=\"385\"><param name=\"movie\" value=\"http:\/\/www.youtube.com\/v\/zxIGRsduVEI\"><\/param><param name=\"allowFullScreen\" value=\"true\"><\/param><param name=\"allowscriptaccess\" value=\"always\"><\/param><embed src=\"http:\/\/www.youtube.com\/v\/zxIGRsduVEI\" type=\"application\/x-shockwave-flash\" allowscriptaccess=\"always\" allowfullscreen=\"true\" width=\"480\" height=\"385\"><\/embed><\/object>\n<\/p>\n<p>Deixe seu coment\u00e1rio<\/p>\n","protected":false},"excerpt":{"rendered":"<p>\u00a0 Estiveram no Centro Regional de Eventos cerca de 15 mil pessoas para\u00a0a Celebra\u00e7\u00e3o Eucar\u00edstica em comemora\u00e7\u00e3o dos 80 anos da Diocese de S\u00e3o Jos\u00e9 do Rio Preto. Dom Paulo em sua homilia lembrou das primeiras capelas e dos primeiros&#8230;<\/p>\n","protected":false},"author":2701,"featured_media":0,"comment_status":"open","ping_status":"open","sticky":false,"template":"","format":"standard","meta":{"_mi_skip_tracking":false,"_monsterinsights_sitenote_active":false,"_monsterinsights_sitenote_note":"","_monsterinsights_sitenote_category":0,"footnotes":""},"categories":[16602],"tags":[],"_links":{"self":[{"href":"https:\/\/blog.cancaonova.com\/riopreto\/wp-json\/wp\/v2\/posts\/1682"}],"collection":[{"href":"https:\/\/blog.cancaonova.com\/riopreto\/wp-json\/wp\/v2\/posts"}],"about":[{"href":"https:\/\/blog.cancaonova.com\/riopreto\/wp-json\/wp\/v2\/types\/post"}],"author":[{"embeddable":true,"href":"https:\/\/blog.cancaonova.com\/riopreto\/wp-json\/wp\/v2\/users\/2701"}],"replies":[{"embeddable":true,"href":"https:\/\/blog.cancaonova.com\/riopreto\/wp-json\/wp\/v2\/comments?post=1682"}],"version-history":[{"count":8,"href":"https:\/\/blog.cancaonova.com\/riopreto\/wp-json\/wp\/v2\/posts\/1682\/revisions"}],"predecessor-version":[{"id":1692,"href":"https:\/\/blog.cancaonova.com\/riopreto\/wp-json\/wp\/v2\/posts\/1682\/revisions\/1692"}],"wp:attachment":[{"href":"https:\/\/blog.cancaonova.com\/riopreto\/wp-json\/wp\/v2\/media?parent=1682"}],"wp:term":[{"taxonomy":"category","embeddable":true,"href":"https:\/\/blog.cancaonova.com\/riopreto\/wp-json\/wp\/v2\/categories?post=1682"},{"taxonomy":"post_tag","embeddable":true,"href":"https:\/\/blog.cancaonova.com\/riopreto\/wp-json\/wp\/v2\/tags?post=1682"}],"curies":[{"name":"wp","href":"https:\/\/api.w.org\/{rel}","templated":true}]}}