{"id":1714,"date":"2009-02-03T12:42:36","date_gmt":"2009-02-03T15:42:36","guid":{"rendered":"http:\/\/blog.cancaonova.com\/riopreto\/?p=1714"},"modified":"2009-02-03T13:28:38","modified_gmt":"2009-02-03T16:28:38","slug":"compromisso-cancao-nova-em-rio-preto","status":"publish","type":"post","link":"https:\/\/blog.cancaonova.com\/riopreto\/compromisso-cancao-nova-em-rio-preto\/","title":{"rendered":"Compromisso Can\u00e7\u00e3o Nova em Rio Preto"},"content":{"rendered":"<p style=\"text-align: center\"><a href=\"http:\/\/www.flickr.com\/photos\/34871020@N02\/\"><img loading=\"lazy\" decoding=\"async\" class=\"size-full wp-image-1715  aligncenter\" src=\"http:\/\/blog.cancaonova.com\/riopreto\/files\/2009\/02\/02645_.jpg\" alt=\"\" width=\"500\" height=\"375\" \/><\/a><\/p>\n<p style=\"text-align: center\"><strong><a href=\"http:\/\/www.flickr.com\/photos\/34871020@N02\/\">Clique AQUI para ver as fotos<\/a><\/strong><\/p>\n<p>A Comunidade Can\u00e7\u00e3o Nova de S\u00e3o Jos\u00e9 do Rio Preto est\u00e1 em festa!!! A fam\u00edlia cresceu!!! No \u00faltimo dia 02 de fevereiro os membros da comunidade de vida e alian\u00e7a renovaram seus compromissos, nos diversos graus de perten\u00e7a, e celebraram o primeiro compromisso de discipulado de mais 4 membros na forma de comunidade de alian\u00e7a:\u00a0 Paulo Faria e Mariana Faria, M\u00e1rcia Mena e Alexandra Silva.<\/p>\n<p>A Santa Missa foi presidida por Dom Paulo Mendes Peixoto, bispo da Diocese de S\u00e3o Jos\u00e9 do Rio Preto, \u00e0s 20h na S\u00e9 Catedral. Ap\u00f3s a Santa Missa, houve uma recep\u00e7\u00e3o no sal\u00e3o de festas da Catedral preparada pelos amigos da comunidade aqui na cidade.<\/p>\n<p>Queremos agradecemos\u00a0a presen\u00e7a de\u00a0 todos que participaram conosco dessa festa comemorando a renova\u00e7\u00e3o do\u00a0Nosso Compromisso\u00a0na Comunidade Can\u00e7\u00e3o Nova! <strong>Voc\u00eas fazem parte dessa fam\u00edlia!!<\/strong> E podem dizer conosco que<strong> &#8220;Ser Can\u00e7\u00e3o Nova \u00e9 Bom Demais!!!!&#8221;<\/strong><\/p>\n<p style=\"text-align: center\">Veja a Renova\u00e7\u00e3o dos Nossos Compromissos dos membros da Comunidade de Vida:<br \/>\n<object width=\"480\" height=\"385\"><param name=\"movie\" value=\"http:\/\/www.youtube.com\/v\/lsQlEG9xKr4\"><\/param><param name=\"allowFullScreen\" value=\"true\"><\/param><param name=\"allowscriptaccess\" value=\"always\"><\/param><embed src=\"http:\/\/www.youtube.com\/v\/lsQlEG9xKr4\" type=\"application\/x-shockwave-flash\" allowscriptaccess=\"always\" allowfullscreen=\"true\" width=\"480\" height=\"385\"><\/embed><\/object><\/p>\n<p style=\"text-align: right\"><strong><\/strong>\u00a0<\/p>\n<p style=\"text-align: right\"><strong>Deixe seu coment\u00e1rio<\/strong><\/p>\n","protected":false},"excerpt":{"rendered":"<p>Clique AQUI para ver as fotos A Comunidade Can\u00e7\u00e3o Nova de S\u00e3o Jos\u00e9 do Rio Preto est\u00e1 em festa!!! A fam\u00edlia cresceu!!! No \u00faltimo dia 02 de fevereiro os membros da comunidade de vida e alian\u00e7a renovaram seus compromissos, nos&#8230;<\/p>\n","protected":false},"author":2701,"featured_media":0,"comment_status":"open","ping_status":"open","sticky":false,"template":"","format":"standard","meta":{"_mi_skip_tracking":false,"_monsterinsights_sitenote_active":false,"_monsterinsights_sitenote_note":"","_monsterinsights_sitenote_category":0,"footnotes":""},"categories":[114],"tags":[],"_links":{"self":[{"href":"https:\/\/blog.cancaonova.com\/riopreto\/wp-json\/wp\/v2\/posts\/1714"}],"collection":[{"href":"https:\/\/blog.cancaonova.com\/riopreto\/wp-json\/wp\/v2\/posts"}],"about":[{"href":"https:\/\/blog.cancaonova.com\/riopreto\/wp-json\/wp\/v2\/types\/post"}],"author":[{"embeddable":true,"href":"https:\/\/blog.cancaonova.com\/riopreto\/wp-json\/wp\/v2\/users\/2701"}],"replies":[{"embeddable":true,"href":"https:\/\/blog.cancaonova.com\/riopreto\/wp-json\/wp\/v2\/comments?post=1714"}],"version-history":[{"count":3,"href":"https:\/\/blog.cancaonova.com\/riopreto\/wp-json\/wp\/v2\/posts\/1714\/revisions"}],"predecessor-version":[{"id":1718,"href":"https:\/\/blog.cancaonova.com\/riopreto\/wp-json\/wp\/v2\/posts\/1714\/revisions\/1718"}],"wp:attachment":[{"href":"https:\/\/blog.cancaonova.com\/riopreto\/wp-json\/wp\/v2\/media?parent=1714"}],"wp:term":[{"taxonomy":"category","embeddable":true,"href":"https:\/\/blog.cancaonova.com\/riopreto\/wp-json\/wp\/v2\/categories?post=1714"},{"taxonomy":"post_tag","embeddable":true,"href":"https:\/\/blog.cancaonova.com\/riopreto\/wp-json\/wp\/v2\/tags?post=1714"}],"curies":[{"name":"wp","href":"https:\/\/api.w.org\/{rel}","templated":true}]}}