{"id":1757,"date":"2009-02-11T16:04:53","date_gmt":"2009-02-11T19:04:53","guid":{"rendered":"http:\/\/blog.cancaonova.com\/riopreto\/?p=1757"},"modified":"2009-02-11T16:57:45","modified_gmt":"2009-02-11T19:57:45","slug":"transforme-sua-vida","status":"publish","type":"post","link":"https:\/\/blog.cancaonova.com\/riopreto\/transforme-sua-vida\/","title":{"rendered":"Transforme sua vida"},"content":{"rendered":"<p style=\"text-align: center\"><a href=\"http:\/\/URLdopost\"><img loading=\"lazy\" decoding=\"async\" class=\"size-full wp-image-1758 aligncenter\" src=\"http:\/\/blog.cancaonova.com\/riopreto\/files\/2009\/02\/transformesuavida.jpg\" alt=\"\" width=\"300\" height=\"188\" \/><\/a><\/p>\n<p>Muitas pessoas vivem reclamando do seu trabalho, casamento, namoro, filhos, pais, Igreja, escola, entre tantas outras coisas, e tudo \u00e9 motivo para ficar procurando defeitos. Mas ser\u00e1 que a vida est\u00e1 t\u00e3o ruim assim ou n\u00f3s \u00e9 que complicamos as coisas?<\/p>\n<p>Ningu\u00e9m gosta de viver ao lado de quem s\u00f3 sabe reclamar, ou voc\u00ea conhece algu\u00e9m que goste?<br \/>\nGeralmente as pessoas que reclamam demais, deixam de ter amigos, e parece que um fato ruim atrai outro e assim acontece sucessivamente. Existem pessoas que ficam o dia inteiro ocupando suas mentes com imagens negativas, alimentando sentimentos de raiva, medo, e s\u00f3 conseguem pensar no pior.<br \/>\nVoc\u00ea deve estar pensando agora: \u201cmas ser\u00e1 que as pessoas s\u00e3o assim?\u201d, isso parece t\u00e3o tr\u00e1gico&#8230;\u00a0 \u00c9 claro que nem todos vivem reclamando, mas algumas pessoas s\u00e3o infelizes porque inconscientemente t\u00eam atitudes que n\u00e3o s\u00e3o construtivas.<\/p>\n<p>Reflita por um instante:\u00a0 <strong>Que tipo de pensamento ocupa mais a sua mente, os negativos ou os positivos?<\/strong>\u00a0 Se voc\u00ea colocar na balan\u00e7a o que fala, o que pesar\u00e1 mais, as conversas que n\u00e3o levam a nada ou as conversas produtivas?\u00a0 <strong>Voc\u00ea procura dar not\u00edcias boas ou valoriza e amplifica as ruins?<\/strong>\u00a0 Tudo o que acontece na sua vida \u00e9 entregue a Deus em forma de ora\u00e7\u00e3o? <strong>No final do dia voc\u00ea est\u00e1 feliz, ou est\u00e1 exausto com um profundo vazio no cora\u00e7\u00e3o?<\/strong><\/p>\n<p>Vamos agora refletir sobre esse assunto \u00e0 Luz da Palavra de Deus. S\u00e3o Paulo escreve aos Filipenses no cap\u00edtulo 4, 6-8 :<br \/>\n<em>\u201cN\u00e3o vos inquieteis com nada! Em todas as cincust\u00e2ncias apresentai a Deus as vossas preocupa\u00e7\u00f5es, mediante a ora\u00e7\u00e3o, as s\u00faplicas e a a\u00e7\u00e3o de gra\u00e7as. E a paz de Deus, que excede t\u00f4da a intelig\u00eancia, haver\u00e1 de guardar vossos cora\u00e7\u00f5es e vossos pensamentos, em Cristo Jesus.<br \/>\nAl\u00e9m disto, irm\u00e3os, tudo o que \u00e9 verdadeiro, tudo o que \u00e9 nobre, tudo o que \u00e9 justo, tudo o que \u00e9 puro, tudo o que \u00e9 am\u00e1vel, tudo o que \u00e9 de boa fama, tudo o que \u00e9 virtuoso e louv\u00e1vel, eis o que deve ocupar os vossos pensamentos.\u201d<\/em><\/p>\n<p>N\u00e3o vos inquieteis com nada! S\u00e3o Paulo foi muito claro, n\u00e3o foi? Em todas as circunst\u00e2ncias apresentai a Deus as vossas preocupa\u00e7\u00f5es. Ele n\u00e3o disse: \u201cnessa ou naquela\u201d circunst\u00e2ncia, mas \u201cem todas\u201d. Ao inv\u00e9s de ficarmos reclamando, devemos falar com Deus, dizer \u00e0 Ele o que estamos sentindo, em forma de ora\u00e7\u00e3o, s\u00faplicas e a\u00e7\u00e3o de gra\u00e7as. N\u00e3o devemos apenas pedir, devemos tamb\u00e9m agradecer.\u00a0 Se fizermos isso com freq\u00fcencia, teremos a paz. Veja que S\u00e3o Paulo j\u00e1 avisa: \u201cA paz de Deus que excede toda a intelig\u00eancia&#8230;\u201d N\u00f3s n\u00e3o somos capazes de compreender, mas quando de fato colocamos as coisas nas m\u00e3os de Deus, essa PAZ DIVINA invade nossos cora\u00e7\u00f5es.<\/p>\n<p>Por \u00faltimo S\u00e3o Paulo nos d\u00e1 a receita do que deve ocupar nossos pensamentos: \u201cAl\u00e9m disto, irm\u00e3os, tudo o que \u00e9 verdadeiro, tudo o que \u00e9 nobre, tudo o que \u00e9 justo, tudo o que \u00e9 puro, tudo o que \u00e9 am\u00e1vel, tudo o que \u00e9 de boa fama, tudo o que \u00e9 virtuoso e louv\u00e1vel, eis o que deve ocupar os vossos pensamentos.\u201d<br \/>\nEle N\u00c3O disse: \u201cfique pensando nas coisas ruins, alimente seus medos, pense nas incertezas e reclame de tudo e de todos,&#8230;.\u201d.<br \/>\n<strong>Ent\u00e3o meu irm\u00e3o e minha irm\u00e3, a partir de hoje, mude a sua atitude, transforme sua vida\u00a0e tenha uma vida intensa de ora\u00e7\u00e3o.<\/strong><\/p>\n<p>\u00a0Se um pensamento ruim vier, mande-o embora afirmando: \u201cJesus Cristo \u00e9 o Senhor da minha vida, Ele controla agora os meus pensamentos\u201d. Quando voc\u00ea for reclamar de alguma coisa, pare imediatamente e ore: \u201cSenhor me d\u00ea um cora\u00e7\u00e3o semelhante ao Vosso\u201d. Tenho a certeza absoluta que sua vida vai mudar para melhor e voc\u00ea ser\u00e1 mais feliz!<\/p>\n<p><strong>Reze comigo agora:<\/strong> <em>\u201cMeu Senhor Jesus, eu quero modificar meus pensamentos e quero sentir a Tua paz. A partir de hoje, fa\u00e7o um compromisso Contigo: vou procurar ser melhor e passarei a enxergar o lado bom das coisas.\u00a0 Senhor Jesus, manso e humilde de cora\u00e7\u00e3o, fazei meu cora\u00e7\u00e3o semelhante ao Vosso, Am\u00e9m!&#8221;<\/em><\/p>\n<p>\u00a0<\/p>\n<p style=\"text-align: right\"><strong>Rog\u00e9rio Aquino<br \/>\n<\/strong><a href=\"mailto:aquino@riosoft.com.br\">aquino@riosoft.com.br<\/a><br \/>\n<em>Vocalista da Banda Ecclesis, Empres\u00e1rio,\u00a0Membro do Minist\u00e9rio<br \/>\n<\/em><em>de Comunica\u00e7\u00e3o da Renova\u00e7\u00e3o Carism\u00e1tica Cat\u00f3lica.<\/em><\/p>\n<p style=\"text-align: left\">Deixe seu coment\u00e1rio<\/p>\n","protected":false},"excerpt":{"rendered":"<p>Muitas pessoas vivem reclamando do seu trabalho, casamento, namoro, filhos, pais, Igreja, escola, entre tantas outras coisas, e tudo \u00e9 motivo para ficar procurando defeitos. Mas ser\u00e1 que a vida est\u00e1 t\u00e3o ruim assim ou n\u00f3s \u00e9 que complicamos as&#8230;<\/p>\n","protected":false},"author":2701,"featured_media":0,"comment_status":"open","ping_status":"open","sticky":false,"template":"","format":"standard","meta":{"_mi_skip_tracking":false,"_monsterinsights_sitenote_active":false,"_monsterinsights_sitenote_note":"","_monsterinsights_sitenote_category":0,"footnotes":""},"categories":[23],"tags":[],"_links":{"self":[{"href":"https:\/\/blog.cancaonova.com\/riopreto\/wp-json\/wp\/v2\/posts\/1757"}],"collection":[{"href":"https:\/\/blog.cancaonova.com\/riopreto\/wp-json\/wp\/v2\/posts"}],"about":[{"href":"https:\/\/blog.cancaonova.com\/riopreto\/wp-json\/wp\/v2\/types\/post"}],"author":[{"embeddable":true,"href":"https:\/\/blog.cancaonova.com\/riopreto\/wp-json\/wp\/v2\/users\/2701"}],"replies":[{"embeddable":true,"href":"https:\/\/blog.cancaonova.com\/riopreto\/wp-json\/wp\/v2\/comments?post=1757"}],"version-history":[{"count":5,"href":"https:\/\/blog.cancaonova.com\/riopreto\/wp-json\/wp\/v2\/posts\/1757\/revisions"}],"predecessor-version":[{"id":1761,"href":"https:\/\/blog.cancaonova.com\/riopreto\/wp-json\/wp\/v2\/posts\/1757\/revisions\/1761"}],"wp:attachment":[{"href":"https:\/\/blog.cancaonova.com\/riopreto\/wp-json\/wp\/v2\/media?parent=1757"}],"wp:term":[{"taxonomy":"category","embeddable":true,"href":"https:\/\/blog.cancaonova.com\/riopreto\/wp-json\/wp\/v2\/categories?post=1757"},{"taxonomy":"post_tag","embeddable":true,"href":"https:\/\/blog.cancaonova.com\/riopreto\/wp-json\/wp\/v2\/tags?post=1757"}],"curies":[{"name":"wp","href":"https:\/\/api.w.org\/{rel}","templated":true}]}}