{"id":1873,"date":"2009-03-05T19:25:42","date_gmt":"2009-03-05T22:25:42","guid":{"rendered":"http:\/\/blog.cancaonova.com\/riopreto\/?p=1873"},"modified":"2009-03-05T19:32:16","modified_gmt":"2009-03-05T22:32:16","slug":"homenagem-as-mulheres-2","status":"publish","type":"post","link":"https:\/\/blog.cancaonova.com\/riopreto\/homenagem-as-mulheres-2\/","title":{"rendered":"Homenagem \u00e0s Mulheres..."},"content":{"rendered":"<p style=\"text-align: left\">\u00a0\u00a0\u00a0\u00a0\u00a0\u00a0\u00a0\u00a0\u00a0 O &#8216;Rio Preto Shopping&#8217; iniciou dia 04 de mar\u00e7o uma exposi\u00e7\u00e3o em homenagem \u00e0s mulheres de S\u00e3o Jos\u00e9 do Rio Preto com as presen\u00e7a marcantes de <strong>Myrian Rios<\/strong> e <strong>Hort\u00eancia Marcari<\/strong>.<br \/>\n\u00a0\u00a0\u00a0\u00a0\u00a0\u00a0\u00a0\u00a0\u00a0 A exposi\u00e7\u00e3o destaca 36 mulheres de Rio Preto que fizeram\u00a0hist\u00f3ria em 2008 nesta Cidade.<\/p>\n<p style=\"text-align: center\"><a href=\"http:\/\/www.flickr.com\/photos\/34871020@N02\/\"><img loading=\"lazy\" decoding=\"async\" class=\"alignnone size-full wp-image-1867\" src=\"http:\/\/blog.cancaonova.com\/riopreto\/files\/2009\/03\/mulheres.jpg\" alt=\"\" width=\"350\" height=\"211\" \/><\/a><\/p>\n<p style=\"text-align: center\"><strong>Veja a mensagem da Myrian Rios para as mulheres:<\/strong><\/p>\n<p style=\"text-align: center\"><strong><object width=\"480\" height=\"385\"><param name=\"movie\" value=\"http:\/\/www.youtube.com\/v\/vCL0f8GC2Hw\"><\/param><param name=\"allowFullScreen\" value=\"true\"><\/param><param name=\"allowscriptaccess\" value=\"always\"><\/param><embed src=\"http:\/\/www.youtube.com\/v\/vCL0f8GC2Hw\" type=\"application\/x-shockwave-flash\" allowscriptaccess=\"always\" allowfullscreen=\"true\" width=\"480\" height=\"385\"><\/embed><\/object><\/p>\n<p><\/strong><\/p>\n<p style=\"text-align: right\"><strong>Deixe seu coment\u00e1rio e\/ou sua homenagem \u00e0s mulheres&#8230;<\/strong><\/p>\n","protected":false},"excerpt":{"rendered":"<p>\u00a0\u00a0\u00a0\u00a0\u00a0\u00a0\u00a0\u00a0\u00a0 O &#8216;Rio Preto Shopping&#8217; iniciou dia 04 de mar\u00e7o uma exposi\u00e7\u00e3o em homenagem \u00e0s mulheres de S\u00e3o Jos\u00e9 do Rio Preto com as presen\u00e7a marcantes de Myrian Rios e Hort\u00eancia Marcari. \u00a0\u00a0\u00a0\u00a0\u00a0\u00a0\u00a0\u00a0\u00a0 A exposi\u00e7\u00e3o destaca 36 mulheres de Rio&#8230;<\/p>\n","protected":false},"author":2701,"featured_media":0,"comment_status":"open","ping_status":"open","sticky":false,"template":"","format":"standard","meta":{"_mi_skip_tracking":false,"_monsterinsights_sitenote_active":false,"_monsterinsights_sitenote_note":"","_monsterinsights_sitenote_category":0,"footnotes":""},"categories":[4],"tags":[6351,17276,17218],"_links":{"self":[{"href":"https:\/\/blog.cancaonova.com\/riopreto\/wp-json\/wp\/v2\/posts\/1873"}],"collection":[{"href":"https:\/\/blog.cancaonova.com\/riopreto\/wp-json\/wp\/v2\/posts"}],"about":[{"href":"https:\/\/blog.cancaonova.com\/riopreto\/wp-json\/wp\/v2\/types\/post"}],"author":[{"embeddable":true,"href":"https:\/\/blog.cancaonova.com\/riopreto\/wp-json\/wp\/v2\/users\/2701"}],"replies":[{"embeddable":true,"href":"https:\/\/blog.cancaonova.com\/riopreto\/wp-json\/wp\/v2\/comments?post=1873"}],"version-history":[{"count":3,"href":"https:\/\/blog.cancaonova.com\/riopreto\/wp-json\/wp\/v2\/posts\/1873\/revisions"}],"predecessor-version":[{"id":1878,"href":"https:\/\/blog.cancaonova.com\/riopreto\/wp-json\/wp\/v2\/posts\/1873\/revisions\/1878"}],"wp:attachment":[{"href":"https:\/\/blog.cancaonova.com\/riopreto\/wp-json\/wp\/v2\/media?parent=1873"}],"wp:term":[{"taxonomy":"category","embeddable":true,"href":"https:\/\/blog.cancaonova.com\/riopreto\/wp-json\/wp\/v2\/categories?post=1873"},{"taxonomy":"post_tag","embeddable":true,"href":"https:\/\/blog.cancaonova.com\/riopreto\/wp-json\/wp\/v2\/tags?post=1873"}],"curies":[{"name":"wp","href":"https:\/\/api.w.org\/{rel}","templated":true}]}}