{"id":1914,"date":"2009-03-20T13:21:25","date_gmt":"2009-03-20T16:21:25","guid":{"rendered":"http:\/\/blog.cancaonova.com\/riopreto\/?p=1914"},"modified":"2009-03-20T13:36:48","modified_gmt":"2009-03-20T16:36:48","slug":"solenidade-de-sao-jose","status":"publish","type":"post","link":"https:\/\/blog.cancaonova.com\/riopreto\/solenidade-de-sao-jose\/","title":{"rendered":"Solenidade de S\u00e3o Jos\u00e9"},"content":{"rendered":"<p>A Santa Missa presidida por Dom Paulo Mendes Peixoto na S\u00e9 Catedral de S\u00e3o Jos\u00e9 do Rio Preto, no dia 19 de mar\u00e7o, celebrou a Solenidade da Festa de S\u00e3o Jos\u00e9.<\/p>\n<p>Em sua homilia, Dom Paulo relembrou a hist\u00f3ria de santidade desse <strong>&#8220;Homem de F\u00e9&#8221;<\/strong> que foi Jos\u00e9.<\/p>\n<p style=\"text-align: center\"><a rel=\"attachment wp-att-1915\" href=\"http:\/\/blog.cancaonova.com\/riopreto\/?attachment_id=1915\"><img loading=\"lazy\" decoding=\"async\" class=\"alignnone size-full wp-image-1915\" src=\"http:\/\/blog.cancaonova.com\/riopreto\/files\/2009\/03\/04076_.jpg\" alt=\"\" width=\"350\" height=\"263\" \/><\/a><\/p>\n<p style=\"text-align: center\"><strong><a href=\"http:\/\/www.flickr.com\/photos\/34871020@N02\/?saved=1\">Clique Aqui para ver as Fotos.<\/a><\/strong><\/p>\n<p style=\"text-align: center\">\n<p style=\"text-align: center\">\n<p style=\"text-align: left\">\n<p style=\"text-align: left\"><strong>** <a href=\"http:\/\/www.cancaonova.com\/portal\/canais\/formacao\/internas.php?e=11374\">S\u00e3o Jos\u00e9: Ele rompeu com os paradigmas enraizados da cultura de sua \u00e9poca <\/a>(Por Adriano Zandon\u00e1 &#8211; <a href=\"http:\/\/www.cancaonova.com\">cancaonova.com<\/a>)<\/strong><\/p>\n<p style=\"text-align: left\">\n<p style=\"text-align: right\">Deixe seu coment\u00e1rio<\/p>\n","protected":false},"excerpt":{"rendered":"<p>A Santa Missa presidida por Dom Paulo Mendes Peixoto na S\u00e9 Catedral de S\u00e3o Jos\u00e9 do Rio Preto, no dia 19 de mar\u00e7o, celebrou a Solenidade da Festa de S\u00e3o Jos\u00e9. Em sua homilia, Dom Paulo relembrou a hist\u00f3ria de&#8230;<\/p>\n","protected":false},"author":2701,"featured_media":0,"comment_status":"open","ping_status":"open","sticky":false,"template":"","format":"standard","meta":{"_mi_skip_tracking":false,"_monsterinsights_sitenote_active":false,"_monsterinsights_sitenote_note":"","_monsterinsights_sitenote_category":0,"footnotes":""},"categories":[16602],"tags":[6351,17218,17650],"_links":{"self":[{"href":"https:\/\/blog.cancaonova.com\/riopreto\/wp-json\/wp\/v2\/posts\/1914"}],"collection":[{"href":"https:\/\/blog.cancaonova.com\/riopreto\/wp-json\/wp\/v2\/posts"}],"about":[{"href":"https:\/\/blog.cancaonova.com\/riopreto\/wp-json\/wp\/v2\/types\/post"}],"author":[{"embeddable":true,"href":"https:\/\/blog.cancaonova.com\/riopreto\/wp-json\/wp\/v2\/users\/2701"}],"replies":[{"embeddable":true,"href":"https:\/\/blog.cancaonova.com\/riopreto\/wp-json\/wp\/v2\/comments?post=1914"}],"version-history":[{"count":11,"href":"https:\/\/blog.cancaonova.com\/riopreto\/wp-json\/wp\/v2\/posts\/1914\/revisions"}],"predecessor-version":[{"id":1926,"href":"https:\/\/blog.cancaonova.com\/riopreto\/wp-json\/wp\/v2\/posts\/1914\/revisions\/1926"}],"wp:attachment":[{"href":"https:\/\/blog.cancaonova.com\/riopreto\/wp-json\/wp\/v2\/media?parent=1914"}],"wp:term":[{"taxonomy":"category","embeddable":true,"href":"https:\/\/blog.cancaonova.com\/riopreto\/wp-json\/wp\/v2\/categories?post=1914"},{"taxonomy":"post_tag","embeddable":true,"href":"https:\/\/blog.cancaonova.com\/riopreto\/wp-json\/wp\/v2\/tags?post=1914"}],"curies":[{"name":"wp","href":"https:\/\/api.w.org\/{rel}","templated":true}]}}