{"id":1928,"date":"2009-03-23T14:06:03","date_gmt":"2009-03-23T17:06:03","guid":{"rendered":"http:\/\/blog.cancaonova.com\/riopreto\/?p=1928"},"modified":"2009-03-25T13:35:26","modified_gmt":"2009-03-25T16:35:26","slug":"almoco-com-andre-bolela","status":"publish","type":"post","link":"https:\/\/blog.cancaonova.com\/riopreto\/almoco-com-andre-bolela\/","title":{"rendered":"Almo\u00e7o com Andr\u00e9 Bolela"},"content":{"rendered":"<p>Neste dia 22 de mar\u00e7o, aconteceu o Almo\u00e7o Beneficente com a Can\u00e7\u00e3o Nova, com a presen\u00e7a do m\u00fasico Andr\u00e9 Bolela. Queremos agradecer a todos que estiveram presente e que ajudaram na organiza\u00e7\u00e3o e realiza\u00e7\u00e3o deste evento. Deus o aben\u00e7oe!<\/p>\n<p style=\"text-align: center\"><strong>Veja o v\u00eddeo com a m\u00fasica &#8220;Contemplar&#8221;:<br \/>\n<object width=\"480\" height=\"385\"><param name=\"movie\" value=\"http:\/\/www.youtube.com\/v\/PFOX9SYyqBg\"><\/param><param name=\"allowFullScreen\" value=\"true\"><\/param><param name=\"allowscriptaccess\" value=\"always\"><\/param><embed src=\"http:\/\/www.youtube.com\/v\/PFOX9SYyqBg\" type=\"application\/x-shockwave-flash\" allowscriptaccess=\"always\" allowfullscreen=\"true\" width=\"480\" height=\"385\"><\/embed><\/object><br \/>\n<\/strong><\/p>\n<p style=\"text-align: center\">\n<p style=\"text-align: center\"><a href=\"http:\/\/www.flickr.com\/photos\/34871020@N02\/?saved=1\"><strong>Clique AQUI para ver as FOTOS!!!<\/strong><\/a><\/p>\n<p style=\"text-align: center\">\n<p><a href=\"http:\/\/andrebolela.blogspot.com\/2008\/09\/deus-sempre-te-espera.html\">Quer saber mais sobre <strong>Andr\u00e9 Bolela? Clique AQUI<\/strong>.<\/a> Ou\u00e7a mais m\u00fasicas:<\/p>\n<p>Em tudo est\u00e1s &#8211; Andr\u00e9 Bolela<br \/>\n[audio:http:\/\/vobr.webtvcn.com\/radio\/sjrp\/Em tudo est\u00e1s.mp3]<\/p>\n<p>Deus real &#8211; Andr\u00e9 Bolela<br \/>\n[audio:http:\/\/vobr.webtvcn.com\/radio\/sjrp\/Deus real.mp3]<\/p>\n<p><a href=\"http:\/\/andrebolela.blogspot.com\/2008\/09\/deus-sempre-te-espera.html\"><\/a><\/p>\n<p style=\"text-align: center\">\n<p style=\"text-align: right\">Deixe seu coment\u00e1rio<\/p>\n","protected":false},"excerpt":{"rendered":"<p>Neste dia 22 de mar\u00e7o, aconteceu o Almo\u00e7o Beneficente com a Can\u00e7\u00e3o Nova, com a presen\u00e7a do m\u00fasico Andr\u00e9 Bolela. Queremos agradecer a todos que estiveram presente e que ajudaram na organiza\u00e7\u00e3o e realiza\u00e7\u00e3o deste evento. Deus o aben\u00e7oe! Veja&#8230;<\/p>\n","protected":false},"author":2701,"featured_media":0,"comment_status":"open","ping_status":"open","sticky":false,"template":"","format":"standard","meta":{"_mi_skip_tracking":false,"_monsterinsights_sitenote_active":false,"_monsterinsights_sitenote_note":"","_monsterinsights_sitenote_category":0,"footnotes":""},"categories":[19],"tags":[17021,17598,6351,17218],"_links":{"self":[{"href":"https:\/\/blog.cancaonova.com\/riopreto\/wp-json\/wp\/v2\/posts\/1928"}],"collection":[{"href":"https:\/\/blog.cancaonova.com\/riopreto\/wp-json\/wp\/v2\/posts"}],"about":[{"href":"https:\/\/blog.cancaonova.com\/riopreto\/wp-json\/wp\/v2\/types\/post"}],"author":[{"embeddable":true,"href":"https:\/\/blog.cancaonova.com\/riopreto\/wp-json\/wp\/v2\/users\/2701"}],"replies":[{"embeddable":true,"href":"https:\/\/blog.cancaonova.com\/riopreto\/wp-json\/wp\/v2\/comments?post=1928"}],"version-history":[{"count":3,"href":"https:\/\/blog.cancaonova.com\/riopreto\/wp-json\/wp\/v2\/posts\/1928\/revisions"}],"predecessor-version":[{"id":1937,"href":"https:\/\/blog.cancaonova.com\/riopreto\/wp-json\/wp\/v2\/posts\/1928\/revisions\/1937"}],"wp:attachment":[{"href":"https:\/\/blog.cancaonova.com\/riopreto\/wp-json\/wp\/v2\/media?parent=1928"}],"wp:term":[{"taxonomy":"category","embeddable":true,"href":"https:\/\/blog.cancaonova.com\/riopreto\/wp-json\/wp\/v2\/categories?post=1928"},{"taxonomy":"post_tag","embeddable":true,"href":"https:\/\/blog.cancaonova.com\/riopreto\/wp-json\/wp\/v2\/tags?post=1928"}],"curies":[{"name":"wp","href":"https:\/\/api.w.org\/{rel}","templated":true}]}}