{"id":1967,"date":"2009-03-31T17:16:40","date_gmt":"2009-03-31T20:16:40","guid":{"rendered":"http:\/\/blog.cancaonova.com\/riopreto\/?p=1967"},"modified":"2009-03-31T17:32:54","modified_gmt":"2009-03-31T20:32:54","slug":"loja-cancao-nova-em-breve","status":"publish","type":"post","link":"https:\/\/blog.cancaonova.com\/riopreto\/loja-cancao-nova-em-breve\/","title":{"rendered":"Loja Can\u00e7\u00e3o Nova - Em breve!!!"},"content":{"rendered":"<p>A miss\u00e3o de S\u00e3o Jos\u00e9 do Rio Preto est\u00e1 se preparando para a inaugura\u00e7\u00e3o da <strong>Loja Can\u00e7\u00e3o Nova<\/strong> aqui na cidade, por isso, fique atento!!! A Loja j\u00e1 est\u00e1 quase pronta&#8230;<\/p>\n<p style=\"text-align: left\">Acompanhe os preparativos&#8230; <a href=\"http:\/\/www.flickr.com\/photos\/34871020@N02\/?saved=1\">Veja as Fotos.<\/a><\/p>\n<p style=\"text-align: center\"><a href=\"http:\/\/URLdopost\"><img loading=\"lazy\" decoding=\"async\" class=\"alignnone size-full wp-image-1959\" src=\"http:\/\/blog.cancaonova.com\/riopreto\/files\/2009\/03\/embreve.jpg\" alt=\"\" width=\"350\" height=\"263\" \/><\/a><br \/>\n<a href=\"http:\/\/URLdopost\"><img loading=\"lazy\" decoding=\"async\" class=\"alignnone size-full wp-image-1962\" src=\"http:\/\/blog.cancaonova.com\/riopreto\/files\/2009\/03\/loja.jpg\" alt=\"\" width=\"350\" height=\"263\" \/><\/a><br \/>\n<a href=\"http:\/\/URLdopost\"><img loading=\"lazy\" decoding=\"async\" class=\"alignnone size-full wp-image-1963\" src=\"http:\/\/blog.cancaonova.com\/riopreto\/files\/2009\/03\/cancaonova.jpg\" alt=\"\" width=\"350\" height=\"263\" \/><\/a><br \/>\n<a href=\"http:\/\/URLdopost\"><img loading=\"lazy\" decoding=\"async\" class=\"alignnone size-full wp-image-1968\" src=\"http:\/\/blog.cancaonova.com\/riopreto\/files\/2009\/03\/ruaxvde-novembro.jpg\" alt=\"\" width=\"350\" height=\"263\" \/><\/a><\/p>\n<p>\u00a0<\/p>\n<p><strong>Venha nos visitar: Rua XV de Novembro, 3131, Centro &#8211; S\u00e3o Jos\u00e9 do Rio Preto\/SP<\/strong><br \/>\nTel: <strong>17 3233 4600<\/strong><\/p>\n<p style=\"text-align: right\">Deixe seu coment\u00e1rio<\/p>\n","protected":false},"excerpt":{"rendered":"<p>A miss\u00e3o de S\u00e3o Jos\u00e9 do Rio Preto est\u00e1 se preparando para a inaugura\u00e7\u00e3o da Loja Can\u00e7\u00e3o Nova aqui na cidade, por isso, fique atento!!! A Loja j\u00e1 est\u00e1 quase pronta&#8230; Acompanhe os preparativos&#8230; Veja as Fotos. \u00a0 Venha nos&#8230;<\/p>\n","protected":false},"author":2701,"featured_media":0,"comment_status":"open","ping_status":"open","sticky":false,"template":"","format":"standard","meta":{"_mi_skip_tracking":false,"_monsterinsights_sitenote_active":false,"_monsterinsights_sitenote_note":"","_monsterinsights_sitenote_category":0,"footnotes":""},"categories":[13431],"tags":[6351,16091,14601,17218],"_links":{"self":[{"href":"https:\/\/blog.cancaonova.com\/riopreto\/wp-json\/wp\/v2\/posts\/1967"}],"collection":[{"href":"https:\/\/blog.cancaonova.com\/riopreto\/wp-json\/wp\/v2\/posts"}],"about":[{"href":"https:\/\/blog.cancaonova.com\/riopreto\/wp-json\/wp\/v2\/types\/post"}],"author":[{"embeddable":true,"href":"https:\/\/blog.cancaonova.com\/riopreto\/wp-json\/wp\/v2\/users\/2701"}],"replies":[{"embeddable":true,"href":"https:\/\/blog.cancaonova.com\/riopreto\/wp-json\/wp\/v2\/comments?post=1967"}],"version-history":[{"count":6,"href":"https:\/\/blog.cancaonova.com\/riopreto\/wp-json\/wp\/v2\/posts\/1967\/revisions"}],"predecessor-version":[{"id":1970,"href":"https:\/\/blog.cancaonova.com\/riopreto\/wp-json\/wp\/v2\/posts\/1967\/revisions\/1970"}],"wp:attachment":[{"href":"https:\/\/blog.cancaonova.com\/riopreto\/wp-json\/wp\/v2\/media?parent=1967"}],"wp:term":[{"taxonomy":"category","embeddable":true,"href":"https:\/\/blog.cancaonova.com\/riopreto\/wp-json\/wp\/v2\/categories?post=1967"},{"taxonomy":"post_tag","embeddable":true,"href":"https:\/\/blog.cancaonova.com\/riopreto\/wp-json\/wp\/v2\/tags?post=1967"}],"curies":[{"name":"wp","href":"https:\/\/api.w.org\/{rel}","templated":true}]}}