{"id":1975,"date":"2009-04-02T11:41:06","date_gmt":"2009-04-02T14:41:06","guid":{"rendered":"http:\/\/blog.cancaonova.com\/riopreto\/?p=1975"},"modified":"2009-04-03T09:46:47","modified_gmt":"2009-04-03T12:46:47","slug":"nota-sobre-a-radio","status":"publish","type":"post","link":"https:\/\/blog.cancaonova.com\/riopreto\/nota-sobre-a-radio\/","title":{"rendered":":: Nota sobre a R\u00e1dio ::"},"content":{"rendered":"<p style=\"text-align: center\"><a rel=\"attachment wp-att-1976\" href=\"http:\/\/blog.cancaonova.com\/riopreto\/?attachment_id=1976\"><img loading=\"lazy\" decoding=\"async\" class=\"size-full wp-image-1976 aligncenter\" src=\"http:\/\/blog.cancaonova.com\/riopreto\/files\/2009\/04\/radio.jpg\" alt=\"\" width=\"300\" height=\"197\" \/><\/a><\/p>\n<p>A R\u00e1dio Can\u00e7\u00e3o Nova do Cora\u00e7\u00e3o de Maria, 810 AM, saiu do ar por problemas t\u00e9cnicos no \u00faltimo dia 03 de fevereiro.\u00a0 Mas, pela gra\u00e7a de Deus, as devidas provid\u00eancias j\u00e1 est\u00e3o sendo tomadas e, <strong>em breve<\/strong>, a cidade de S\u00e3o Jos\u00e9 do Rio Preto e regi\u00e3o ter\u00e1 a sintonia da R\u00e1dio Can\u00e7\u00e3o Nova novamente no ar.<\/p>\n<p>Pedimos sua compreens\u00e3o e ora\u00e7\u00e3o para que a vontade de Deus prevale\u00e7a e a miss\u00e3o da Can\u00e7\u00e3o Nova aconte\u00e7a por completo nesta cidade!!!<\/p>\n<p>Enquanto isso, voc\u00ea pode <a href=\"http:\/\/www.cancaonova.com\/radioriopreto.asx\">ouvir a R\u00e1dio pela internet<\/a>, que continua com sua programa\u00e7\u00e3o local.<\/p>\n<p style=\"text-align: right\">Mais esclarecimentos: <strong>17 3233 4600<\/strong><\/p>\n<p>Deus o aben\u00e7oe!<br \/>\nC\u00edcera Gon\u00e7alves &#8211; Respons\u00e1vel de Miss\u00e3o<\/p>\n<p style=\"text-align: center\"><strong>Para fazer sua doa\u00e7\u00e3o em prol da r\u00e1dio:<\/strong><br \/>\nFunda\u00e7\u00e3o Jo\u00e3o Paulo II<br \/>\nBanco Bradesco<br \/>\nAg.\u00a0 3373-1<br \/>\nC\/C 4200-5<\/p>\n<p style=\"text-align: center\">\n<p>*J\u00e1 come\u00e7amos os preparativos para o <strong>&#8220;5\u00ba Anivers\u00e1rio da R\u00e1dio Can\u00e7\u00e3o Nova do Cora\u00e7\u00e3o de Maria&#8221;<\/strong>, que ser\u00e1 <strong>dia 24 de maio no J\u00fapiter Ol\u00edmpico<\/strong>, com a presen\u00e7a do <a href=\"http:\/\/blog.cancaonova.com\/padrerogerluis\/\"><strong>Padre Roger Luis<\/strong><\/a> e <a href=\"http:\/\/blog.cancaonova.com\/marcio\/\"><strong>M\u00e1rcio Todeschini<\/strong><\/a>. Venha celebrar conosco mais essa vit\u00f3ria!!!<\/p>\n<p style=\"text-align: right\">Deixe seu coment\u00e1rio<\/p>\n","protected":false},"excerpt":{"rendered":"<p>A R\u00e1dio Can\u00e7\u00e3o Nova do Cora\u00e7\u00e3o de Maria, 810 AM, saiu do ar por problemas t\u00e9cnicos no \u00faltimo dia 03 de fevereiro.\u00a0 Mas, pela gra\u00e7a de Deus, as devidas provid\u00eancias j\u00e1 est\u00e3o sendo tomadas e, em breve, a cidade de&#8230;<\/p>\n","protected":false},"author":2701,"featured_media":0,"comment_status":"open","ping_status":"open","sticky":false,"template":"","format":"standard","meta":{"_mi_skip_tracking":false,"_monsterinsights_sitenote_active":false,"_monsterinsights_sitenote_note":"","_monsterinsights_sitenote_category":0,"footnotes":""},"categories":[12551,11371],"tags":[18094,6351,18095,18096,11871,17218],"_links":{"self":[{"href":"https:\/\/blog.cancaonova.com\/riopreto\/wp-json\/wp\/v2\/posts\/1975"}],"collection":[{"href":"https:\/\/blog.cancaonova.com\/riopreto\/wp-json\/wp\/v2\/posts"}],"about":[{"href":"https:\/\/blog.cancaonova.com\/riopreto\/wp-json\/wp\/v2\/types\/post"}],"author":[{"embeddable":true,"href":"https:\/\/blog.cancaonova.com\/riopreto\/wp-json\/wp\/v2\/users\/2701"}],"replies":[{"embeddable":true,"href":"https:\/\/blog.cancaonova.com\/riopreto\/wp-json\/wp\/v2\/comments?post=1975"}],"version-history":[{"count":19,"href":"https:\/\/blog.cancaonova.com\/riopreto\/wp-json\/wp\/v2\/posts\/1975\/revisions"}],"predecessor-version":[{"id":1995,"href":"https:\/\/blog.cancaonova.com\/riopreto\/wp-json\/wp\/v2\/posts\/1975\/revisions\/1995"}],"wp:attachment":[{"href":"https:\/\/blog.cancaonova.com\/riopreto\/wp-json\/wp\/v2\/media?parent=1975"}],"wp:term":[{"taxonomy":"category","embeddable":true,"href":"https:\/\/blog.cancaonova.com\/riopreto\/wp-json\/wp\/v2\/categories?post=1975"},{"taxonomy":"post_tag","embeddable":true,"href":"https:\/\/blog.cancaonova.com\/riopreto\/wp-json\/wp\/v2\/tags?post=1975"}],"curies":[{"name":"wp","href":"https:\/\/api.w.org\/{rel}","templated":true}]}}