{"id":2042,"date":"2009-04-24T09:41:13","date_gmt":"2009-04-24T12:41:13","guid":{"rendered":"http:\/\/blog.cancaonova.com\/riopreto\/?p=2042"},"modified":"2009-04-24T16:50:02","modified_gmt":"2009-04-24T19:50:02","slug":"estamos-em-contagem-regressiva-2","status":"publish","type":"post","link":"https:\/\/blog.cancaonova.com\/riopreto\/estamos-em-contagem-regressiva-2\/","title":{"rendered":"Estamos em contagem regressiva!!!"},"content":{"rendered":"<p>J\u00e1 estamos em contagem regressiva para o anivers\u00e1rio da r\u00e1dio&#8230; <strong>FALTA APENAS 01 M\u00caS <\/strong>para este dia t\u00e3o especial de a\u00e7\u00e3o de gra\u00e7as, louvor e muita festa!!! Para celebrarmos 5 anos de R\u00e1dio Can\u00e7\u00e3o Nova do Cora\u00e7\u00e3o de Maria 810 AM e 5 anos de Miss\u00e3o Can\u00e7\u00e3o Nova em S\u00e3o Jos\u00e9 do Rio Preto.<\/p>\n<p>Para preparar esta festa, faremos nossa contagem regressiva partilhando algumas &#8216;curiosidades&#8217; nesses 5 anos de hist\u00f3ria&#8230;. acompanhe aqui no nosso blog!<\/p>\n<p><strong>E prepare-se, porque a R\u00e1dio AM 810 voltar\u00e1 ao ar em MAIO!!!<\/strong><\/p>\n<p style=\"text-align: center\"><a rel=\"attachment wp-att-2043\" href=\"http:\/\/blog.cancaonova.com\/riopreto\/?attachment_id=2043\"><img loading=\"lazy\" decoding=\"async\" class=\"size-full wp-image-2043 aligncenter\" src=\"http:\/\/blog.cancaonova.com\/riopreto\/files\/2009\/04\/cartaz_niver_radio3.jpg\" alt=\"\" width=\"300\" height=\"424\" \/><\/a><\/p>\n[audio:http:\/\/vobr.webtvcn.com\/radio\/sjrp\/00963.mp3]\n<p>N\u00e3o perca!!! dia <strong>24 de maio<\/strong>, no <strong>J\u00fapiter Ol\u00edmpico<\/strong>, \u00e0 partir das 08h30.<br \/>\nInforma\u00e7\u00f5es: <strong>17 3233 4600<\/strong><br \/>\neventosriopreto@cancaonova.com<\/p>\n","protected":false},"excerpt":{"rendered":"<p>J\u00e1 estamos em contagem regressiva para o anivers\u00e1rio da r\u00e1dio&#8230; FALTA APENAS 01 M\u00caS para este dia t\u00e3o especial de a\u00e7\u00e3o de gra\u00e7as, louvor e muita festa!!! Para celebrarmos 5 anos de R\u00e1dio Can\u00e7\u00e3o Nova do Cora\u00e7\u00e3o de Maria 810&#8230;<\/p>\n","protected":false},"author":2701,"featured_media":0,"comment_status":"open","ping_status":"open","sticky":false,"template":"","format":"standard","meta":{"_mi_skip_tracking":false,"_monsterinsights_sitenote_active":false,"_monsterinsights_sitenote_note":"","_monsterinsights_sitenote_category":0,"footnotes":""},"categories":[12551,11371],"tags":[18094,16504,6351,166346,18095,18096,11871,17218],"_links":{"self":[{"href":"https:\/\/blog.cancaonova.com\/riopreto\/wp-json\/wp\/v2\/posts\/2042"}],"collection":[{"href":"https:\/\/blog.cancaonova.com\/riopreto\/wp-json\/wp\/v2\/posts"}],"about":[{"href":"https:\/\/blog.cancaonova.com\/riopreto\/wp-json\/wp\/v2\/types\/post"}],"author":[{"embeddable":true,"href":"https:\/\/blog.cancaonova.com\/riopreto\/wp-json\/wp\/v2\/users\/2701"}],"replies":[{"embeddable":true,"href":"https:\/\/blog.cancaonova.com\/riopreto\/wp-json\/wp\/v2\/comments?post=2042"}],"version-history":[{"count":9,"href":"https:\/\/blog.cancaonova.com\/riopreto\/wp-json\/wp\/v2\/posts\/2042\/revisions"}],"predecessor-version":[{"id":2052,"href":"https:\/\/blog.cancaonova.com\/riopreto\/wp-json\/wp\/v2\/posts\/2042\/revisions\/2052"}],"wp:attachment":[{"href":"https:\/\/blog.cancaonova.com\/riopreto\/wp-json\/wp\/v2\/media?parent=2042"}],"wp:term":[{"taxonomy":"category","embeddable":true,"href":"https:\/\/blog.cancaonova.com\/riopreto\/wp-json\/wp\/v2\/categories?post=2042"},{"taxonomy":"post_tag","embeddable":true,"href":"https:\/\/blog.cancaonova.com\/riopreto\/wp-json\/wp\/v2\/tags?post=2042"}],"curies":[{"name":"wp","href":"https:\/\/api.w.org\/{rel}","templated":true}]}}