{"id":2046,"date":"2009-04-24T13:41:53","date_gmt":"2009-04-24T16:41:53","guid":{"rendered":"http:\/\/blog.cancaonova.com\/riopreto\/?p=2046"},"modified":"2009-04-24T13:56:06","modified_gmt":"2009-04-24T16:56:06","slug":"voce-sabia","status":"publish","type":"post","link":"https:\/\/blog.cancaonova.com\/riopreto\/voce-sabia\/","title":{"rendered":"Voc\u00ea sabia?!?"},"content":{"rendered":"<p>Na expectativa e na contagem regressiva para o 5\u00ba anivers\u00e1rio da r\u00e1dio Can\u00e7\u00e3o Nova, vamos fazer mem\u00f3ria de aguns fatos importantes vividos nesses 5 anos de Can\u00e7\u00e3o Nova em S\u00e3o Jos\u00e9 do Rio Preto\/SP.<\/p>\n<p>E, para come\u00e7ar&#8230;&#8230; <strong>voc\u00ea sabia que o Monsenhor Jonas Abib esteve aqui em Rio Preto<\/strong> para a Inaugura\u00e7\u00e3o da R\u00e1dio Can\u00e7\u00e3o Nova do Cora\u00e7\u00e3o de Maria?!?!?!<\/p>\n<p>&#8230;. Ele esteve aqui no dia 04 de mar\u00e7o de 2004 para uma reuni\u00e3o com Dom Orani Tempesta (bispo dessa diocese nesse per\u00edodo. Hoje,\u00a0 arcebispo do Rio de Janeiro). E depois voltou no dia 23 de maio, com o Ricardo S\u00e1,\u00a0 para a Inaugura\u00e7\u00e3o da R\u00e1dio Can\u00e7\u00e3o Nova, num dia inteiro de louvor, prega\u00e7\u00e3o, missa&#8230;<\/p>\n<p style=\"text-align: center\"><a href=\"http:\/\/www.flickr.com\/photos\/34871020@N02\/\"><img loading=\"lazy\" decoding=\"async\" class=\"size-full wp-image-2047 aligncenter\" src=\"http:\/\/blog.cancaonova.com\/riopreto\/files\/2009\/04\/inauguracaoradio.jpg\" alt=\"\" width=\"500\" height=\"365\" \/><\/a><\/p>\n<p><a href=\"http:\/\/www.flickr.com\/photos\/34871020@N02\/\">Clique AQUI para ver mais Fotos.<\/a><\/p>\n<p style=\"text-align: center\"><strong>|:|:|:|\u00a0\u00a0 FALTAM 30 DIAS PARA O ANIVERS\u00c1RIO DA R\u00c1DIO!!!!\u00a0\u00a0 |:|:|:|<\/strong><\/p>\n<p style=\"text-align: right\">Deixe seu coment\u00e1rio<\/p>\n","protected":false},"excerpt":{"rendered":"<p>Na expectativa e na contagem regressiva para o 5\u00ba anivers\u00e1rio da r\u00e1dio Can\u00e7\u00e3o Nova, vamos fazer mem\u00f3ria de aguns fatos importantes vividos nesses 5 anos de Can\u00e7\u00e3o Nova em S\u00e3o Jos\u00e9 do Rio Preto\/SP. E, para come\u00e7ar&#8230;&#8230; voc\u00ea sabia que&#8230;<\/p>\n","protected":false},"author":2701,"featured_media":0,"comment_status":"open","ping_status":"open","sticky":false,"template":"","format":"standard","meta":{"_mi_skip_tracking":false,"_monsterinsights_sitenote_active":false,"_monsterinsights_sitenote_note":"","_monsterinsights_sitenote_category":0,"footnotes":""},"categories":[12551,11371],"tags":[18094,16504,6351,18558,18559,18560,11871,17218],"_links":{"self":[{"href":"https:\/\/blog.cancaonova.com\/riopreto\/wp-json\/wp\/v2\/posts\/2046"}],"collection":[{"href":"https:\/\/blog.cancaonova.com\/riopreto\/wp-json\/wp\/v2\/posts"}],"about":[{"href":"https:\/\/blog.cancaonova.com\/riopreto\/wp-json\/wp\/v2\/types\/post"}],"author":[{"embeddable":true,"href":"https:\/\/blog.cancaonova.com\/riopreto\/wp-json\/wp\/v2\/users\/2701"}],"replies":[{"embeddable":true,"href":"https:\/\/blog.cancaonova.com\/riopreto\/wp-json\/wp\/v2\/comments?post=2046"}],"version-history":[{"count":4,"href":"https:\/\/blog.cancaonova.com\/riopreto\/wp-json\/wp\/v2\/posts\/2046\/revisions"}],"predecessor-version":[{"id":2051,"href":"https:\/\/blog.cancaonova.com\/riopreto\/wp-json\/wp\/v2\/posts\/2046\/revisions\/2051"}],"wp:attachment":[{"href":"https:\/\/blog.cancaonova.com\/riopreto\/wp-json\/wp\/v2\/media?parent=2046"}],"wp:term":[{"taxonomy":"category","embeddable":true,"href":"https:\/\/blog.cancaonova.com\/riopreto\/wp-json\/wp\/v2\/categories?post=2046"},{"taxonomy":"post_tag","embeddable":true,"href":"https:\/\/blog.cancaonova.com\/riopreto\/wp-json\/wp\/v2\/tags?post=2046"}],"curies":[{"name":"wp","href":"https:\/\/api.w.org\/{rel}","templated":true}]}}