{"id":2066,"date":"2009-04-28T17:00:51","date_gmt":"2009-04-28T20:00:51","guid":{"rendered":"http:\/\/blog.cancaonova.com\/riopreto\/?p=2066"},"modified":"2009-05-16T12:18:07","modified_gmt":"2009-05-16T15:18:07","slug":"voce-sabia-3","status":"publish","type":"post","link":"https:\/\/blog.cancaonova.com\/riopreto\/voce-sabia-3\/","title":{"rendered":"Voc\u00ea sabia?!?"},"content":{"rendered":"<p>Voc\u00ea sabia que <strong>a Capela da Casa de Evangeliza\u00e7\u00e3o foi inaugurada por Dom Orani Tempesta??!<\/strong><\/p>\n<p>&#8230; O ent\u00e3o bispo desta diocese esteve em nossa casa, em abril de 2004, celebrou uma missa e logo em seguida entronizou o Sacr\u00e1rio com Jesus Eucar\u00edstico na sala que \u00e9 a nossa capela at\u00e9 hoje.<\/p>\n<p style=\"text-align: center\"><a rel=\"attachment wp-att-2067\" href=\"http:\/\/blog.cancaonova.com\/riopreto\/?attachment_id=2067\"><img loading=\"lazy\" decoding=\"async\" class=\"size-full wp-image-2067 aligncenter\" src=\"http:\/\/blog.cancaonova.com\/riopreto\/files\/2009\/04\/nossacapela.jpg\" alt=\"\" width=\"492\" height=\"303\" \/><\/a><\/p>\n<p><a href=\"http:\/\/www.flickr.com\/photos\/34871020@N02\/?saved=1\" target=\"_blank\">Clique aqui para ver MAIS FOTOS.<\/a><\/p>\n<p style=\"text-align: center\">\n<p style=\"text-align: center\"><strong>|:|:|:|\u00a0\u00a0 FALTAM 26 DIAS PARA O ANIVERS\u00c1RIO DA R\u00c1DIO!!!!\u00a0\u00a0 |:|:|:|<\/strong><\/p>\n","protected":false},"excerpt":{"rendered":"<p>Voc\u00ea sabia que a Capela da Casa de Evangeliza\u00e7\u00e3o foi inaugurada por Dom Orani Tempesta??! &#8230; O ent\u00e3o bispo desta diocese esteve em nossa casa, em abril de 2004, celebrou uma missa e logo em seguida entronizou o Sacr\u00e1rio com&#8230;<\/p>\n","protected":false},"author":2701,"featured_media":0,"comment_status":"open","ping_status":"open","sticky":false,"template":"","format":"standard","meta":{"_mi_skip_tracking":false,"_monsterinsights_sitenote_active":false,"_monsterinsights_sitenote_note":"","_monsterinsights_sitenote_category":0,"footnotes":""},"categories":[12551],"tags":[18094,16504,6351,17112,18558,2431,11871,17218,18642],"_links":{"self":[{"href":"https:\/\/blog.cancaonova.com\/riopreto\/wp-json\/wp\/v2\/posts\/2066"}],"collection":[{"href":"https:\/\/blog.cancaonova.com\/riopreto\/wp-json\/wp\/v2\/posts"}],"about":[{"href":"https:\/\/blog.cancaonova.com\/riopreto\/wp-json\/wp\/v2\/types\/post"}],"author":[{"embeddable":true,"href":"https:\/\/blog.cancaonova.com\/riopreto\/wp-json\/wp\/v2\/users\/2701"}],"replies":[{"embeddable":true,"href":"https:\/\/blog.cancaonova.com\/riopreto\/wp-json\/wp\/v2\/comments?post=2066"}],"version-history":[{"count":5,"href":"https:\/\/blog.cancaonova.com\/riopreto\/wp-json\/wp\/v2\/posts\/2066\/revisions"}],"predecessor-version":[{"id":2151,"href":"https:\/\/blog.cancaonova.com\/riopreto\/wp-json\/wp\/v2\/posts\/2066\/revisions\/2151"}],"wp:attachment":[{"href":"https:\/\/blog.cancaonova.com\/riopreto\/wp-json\/wp\/v2\/media?parent=2066"}],"wp:term":[{"taxonomy":"category","embeddable":true,"href":"https:\/\/blog.cancaonova.com\/riopreto\/wp-json\/wp\/v2\/categories?post=2066"},{"taxonomy":"post_tag","embeddable":true,"href":"https:\/\/blog.cancaonova.com\/riopreto\/wp-json\/wp\/v2\/tags?post=2066"}],"curies":[{"name":"wp","href":"https:\/\/api.w.org\/{rel}","templated":true}]}}