{"id":2091,"date":"2009-05-06T14:55:38","date_gmt":"2009-05-06T17:55:38","guid":{"rendered":"http:\/\/blog.cancaonova.com\/riopreto\/?p=2091"},"modified":"2009-05-06T14:58:30","modified_gmt":"2009-05-06T17:58:30","slug":"um-tesouro","status":"publish","type":"post","link":"https:\/\/blog.cancaonova.com\/riopreto\/um-tesouro\/","title":{"rendered":"Um tesouro encontrado!!!"},"content":{"rendered":"<p><strong>Assista <\/strong>um trecho da prega\u00e7\u00e3o do Monsenhor Jonas Abib no dia da Inaugura\u00e7\u00e3o da R\u00e1dio Can\u00e7\u00e3o Nova do Cora\u00e7\u00e3o de Maria 810 AM, aqui em S\u00e3o Jos\u00e9 do Rio Preto, no dia 23 de Maio de 2004.<\/p>\n<p style=\"text-align: center\"><object width=\"480\" height=\"385\"><param name=\"movie\" value=\"http:\/\/www.youtube.com\/v\/X2ykeQvF9XI\"><\/param><param name=\"allowFullScreen\" value=\"true\"><\/param><param name=\"allowscriptaccess\" value=\"always\"><\/param><embed src=\"http:\/\/www.youtube.com\/v\/X2ykeQvF9XI\" type=\"application\/x-shockwave-flash\" allowscriptaccess=\"always\" allowfullscreen=\"true\" width=\"480\" height=\"385\"><\/embed><\/object>\n<\/p>\n<p style=\"text-align: left\"><strong>N\u00e3o perca!<\/strong><br \/>\nDia <strong>24 de Maio de 2009<\/strong><br \/>\nNo <strong>Jupiter Ol\u00edmpico <\/strong>&#8211; ao lado da Represa Municipal de S.J. do Rio Preto<br \/>\n\u00c0 partir das 8h<br \/>\nPresen\u00e7as de <strong><a href=\"http:\/\/blog.cancaonova.com\/padrerogerluis\/\">Pe. Roger Luis<\/a> e <a href=\"http:\/\/blog.cancaonova.com\/marcio\/\">M\u00e1rcio Todeschini<\/a><\/strong><\/p>\n<p style=\"text-align: center\">\n<p style=\"text-align: center\"><strong>|:|:|:|\u00a0\u00a0 FALTAM 18 DIAS PARA O ANIVERS\u00c1RIO DA R\u00c1DIO!!!!\u00a0\u00a0 |:|:|:|<\/strong><\/p>\n<p style=\"text-align: center\">\n","protected":false},"excerpt":{"rendered":"<p>Assista um trecho da prega\u00e7\u00e3o do Monsenhor Jonas Abib no dia da Inaugura\u00e7\u00e3o da R\u00e1dio Can\u00e7\u00e3o Nova do Cora\u00e7\u00e3o de Maria 810 AM, aqui em S\u00e3o Jos\u00e9 do Rio Preto, no dia 23 de Maio de 2004. N\u00e3o perca! Dia&#8230;<\/p>\n","protected":false},"author":2701,"featured_media":0,"comment_status":"open","ping_status":"open","sticky":false,"template":"","format":"standard","meta":{"_mi_skip_tracking":false,"_monsterinsights_sitenote_active":false,"_monsterinsights_sitenote_note":"","_monsterinsights_sitenote_category":0,"footnotes":""},"categories":[12551],"tags":[18094,16504,18775,6351,18772,18773,18559,18096,11871,18774,17218,18771],"_links":{"self":[{"href":"https:\/\/blog.cancaonova.com\/riopreto\/wp-json\/wp\/v2\/posts\/2091"}],"collection":[{"href":"https:\/\/blog.cancaonova.com\/riopreto\/wp-json\/wp\/v2\/posts"}],"about":[{"href":"https:\/\/blog.cancaonova.com\/riopreto\/wp-json\/wp\/v2\/types\/post"}],"author":[{"embeddable":true,"href":"https:\/\/blog.cancaonova.com\/riopreto\/wp-json\/wp\/v2\/users\/2701"}],"replies":[{"embeddable":true,"href":"https:\/\/blog.cancaonova.com\/riopreto\/wp-json\/wp\/v2\/comments?post=2091"}],"version-history":[{"count":3,"href":"https:\/\/blog.cancaonova.com\/riopreto\/wp-json\/wp\/v2\/posts\/2091\/revisions"}],"predecessor-version":[{"id":2094,"href":"https:\/\/blog.cancaonova.com\/riopreto\/wp-json\/wp\/v2\/posts\/2091\/revisions\/2094"}],"wp:attachment":[{"href":"https:\/\/blog.cancaonova.com\/riopreto\/wp-json\/wp\/v2\/media?parent=2091"}],"wp:term":[{"taxonomy":"category","embeddable":true,"href":"https:\/\/blog.cancaonova.com\/riopreto\/wp-json\/wp\/v2\/categories?post=2091"},{"taxonomy":"post_tag","embeddable":true,"href":"https:\/\/blog.cancaonova.com\/riopreto\/wp-json\/wp\/v2\/tags?post=2091"}],"curies":[{"name":"wp","href":"https:\/\/api.w.org\/{rel}","templated":true}]}}