{"id":2109,"date":"2009-05-13T10:42:03","date_gmt":"2009-05-13T13:42:03","guid":{"rendered":"http:\/\/blog.cancaonova.com\/riopreto\/?p=2109"},"modified":"2009-06-26T15:33:30","modified_gmt":"2009-06-26T18:33:30","slug":"voce-sabia-5","status":"publish","type":"post","link":"https:\/\/blog.cancaonova.com\/riopreto\/voce-sabia-5\/","title":{"rendered":"Voc\u00ea sabia?!?"},"content":{"rendered":"<p>Voc\u00ea sabia que <strong>na miss\u00e3o de S\u00e3o Jos\u00e9 do Rio Preto existe o Projeto &#8216;Toque de Coragem&#8217; ?!?! <\/strong><\/p>\n<p>&#8230; O projeto nasceu no in\u00edcio da miss\u00e3o. S\u00e3o Jos\u00e9 do Rio Preto \u00e9 tradicionalmente conhecida como &#8216;Cidade dos Pe\u00f5es&#8217;, a Can\u00e7\u00e3o Nova investiu nesse projeto de evangeliza\u00e7\u00e3o em S\u00e3o Jos\u00e9 do Rio Preto e toda a regi\u00e3o, numa parceria com o <strong><a href=\"http:\/\/www.canalrural.com.br\/blog\/jsp\/default.jsp?source=DYNAMIC,blog.BlogDataServer,getBlog&amp;pg=1&amp;template=3948.dwt&amp;tipo=1&amp;section=Blogs&amp;p=1&amp;coldir=2&amp;blog=440&amp;topo=4138.dwt&amp;uf=1&amp;local=1\">Fl\u00e1vio Junqueira<\/a><\/strong>, tropeiro e diretor da <strong><a href=\"http:\/\/www.pbrnow.com.br\/\">PBR Brasil<\/a><\/strong>.<\/p>\n<p>No in\u00edcio acontecia um Grupo de Ora\u00e7\u00e3o para Pe\u00f5es aqui em nossa Casa de Evangeliza\u00e7\u00e3o. Hoje esse Grupo de Ora\u00e7\u00e3o acontece nos pr\u00f3prios rodeios, antes da competi\u00e7\u00e3o. E, na semana do rodeio aqui em Rio Preto, no s\u00e1bado, h\u00e1 uma missa para os pe\u00f5es e organizadores, logo depois um almo\u00e7o em nossa Casa.<\/p>\n<p><strong><a href=\"http:\/\/www.adrianomoraes.com\/siteam\/index.php?lang=ptb&amp;do=Home\">Adriano Moraes<\/a>, Tricampe\u00e3o Mundial de Rodeio e membro da Comunidade Can\u00e7\u00e3o Nova<\/strong>, esteve na R\u00e1dio Can\u00e7\u00e3o Nova do Cora\u00e7\u00e3o de Maria, em Julho de 2007,\u00a0 para participar do <a href=\"http:\/\/blog.cancaonova.com\/riopreto\/?p=1581\"><strong>Programa Violas do Brasil<\/strong><\/a> apresentado por Fl\u00e1vio Junqueira. Veja as fotos:<\/p>\n<p style=\"text-align: center\"><a href=\"http:\/\/www.flickr.com\/photos\/34871020@N02\/sets\/72157617998768137\/\"><img loading=\"lazy\" decoding=\"async\" class=\"size-full wp-image-2112 aligncenter\" src=\"http:\/\/blog.cancaonova.com\/riopreto\/files\/2009\/05\/adrianomoraes.jpg\" alt=\"\" width=\"350\" height=\"263\" \/><\/a><\/p>\n<p style=\"text-align: center\">\n<p style=\"text-align: center\"><a href=\"http:\/\/www.flickr.com\/photos\/34871020@N02\/sets\/72157617998768137\/\"><strong>Clique AQUI para ver MAIS FOTOS<\/strong><\/a><\/p>\n<p style=\"text-align: center\">\n<p style=\"text-align: center\"><strong>|:|:|:|\u00a0\u00a0 FALTAM 11 DIAS PARA O ANIVERS\u00c1RIO DA R\u00c1DIO!!!!\u00a0\u00a0 |:|:|:|<\/strong><\/p>\n<p style=\"text-align: center\">\n","protected":false},"excerpt":{"rendered":"<p>Voc\u00ea sabia que na miss\u00e3o de S\u00e3o Jos\u00e9 do Rio Preto existe o Projeto &#8216;Toque de Coragem&#8217; ?!?! &#8230; O projeto nasceu no in\u00edcio da miss\u00e3o. S\u00e3o Jos\u00e9 do Rio Preto \u00e9 tradicionalmente conhecida como &#8216;Cidade dos Pe\u00f5es&#8217;, a Can\u00e7\u00e3o&#8230;<\/p>\n","protected":false},"author":2701,"featured_media":0,"comment_status":"open","ping_status":"open","sticky":false,"template":"","format":"standard","meta":{"_mi_skip_tracking":false,"_monsterinsights_sitenote_active":false,"_monsterinsights_sitenote_note":"","_monsterinsights_sitenote_category":0,"footnotes":""},"categories":[12551],"tags":[18094,18843,6351,18844,2431,18846,18848,11871,17218,18847,18845],"_links":{"self":[{"href":"https:\/\/blog.cancaonova.com\/riopreto\/wp-json\/wp\/v2\/posts\/2109"}],"collection":[{"href":"https:\/\/blog.cancaonova.com\/riopreto\/wp-json\/wp\/v2\/posts"}],"about":[{"href":"https:\/\/blog.cancaonova.com\/riopreto\/wp-json\/wp\/v2\/types\/post"}],"author":[{"embeddable":true,"href":"https:\/\/blog.cancaonova.com\/riopreto\/wp-json\/wp\/v2\/users\/2701"}],"replies":[{"embeddable":true,"href":"https:\/\/blog.cancaonova.com\/riopreto\/wp-json\/wp\/v2\/comments?post=2109"}],"version-history":[{"count":8,"href":"https:\/\/blog.cancaonova.com\/riopreto\/wp-json\/wp\/v2\/posts\/2109\/revisions"}],"predecessor-version":[{"id":2115,"href":"https:\/\/blog.cancaonova.com\/riopreto\/wp-json\/wp\/v2\/posts\/2109\/revisions\/2115"}],"wp:attachment":[{"href":"https:\/\/blog.cancaonova.com\/riopreto\/wp-json\/wp\/v2\/media?parent=2109"}],"wp:term":[{"taxonomy":"category","embeddable":true,"href":"https:\/\/blog.cancaonova.com\/riopreto\/wp-json\/wp\/v2\/categories?post=2109"},{"taxonomy":"post_tag","embeddable":true,"href":"https:\/\/blog.cancaonova.com\/riopreto\/wp-json\/wp\/v2\/tags?post=2109"}],"curies":[{"name":"wp","href":"https:\/\/api.w.org\/{rel}","templated":true}]}}