{"id":3460,"date":"2010-05-23T10:36:50","date_gmt":"2010-05-23T13:36:50","guid":{"rendered":"http:\/\/blog.cancaonova.com\/riopreto\/?p=3460"},"modified":"2010-05-24T09:35:46","modified_gmt":"2010-05-24T12:35:46","slug":"pregacao-pebruno","status":"publish","type":"post","link":"https:\/\/blog.cancaonova.com\/riopreto\/pregacao-pebruno\/","title":{"rendered":"Prega\u00e7\u00e3o Pe. Bruno"},"content":{"rendered":"<p class=\"MsoNormal\" style=\"text-align: justify; margin: 0cm 0cm 0pt;\">\n<p class=\"MsoNormal\" style=\"text-align: justify; margin: 0cm 0cm 0pt;\"><span style=\"font-size: 18pt;\"><a rel=\"attachment wp-att-3469\" href=\"http:\/\/blog.cancaonova.com\/riopreto\/?attachment_id=3469\"><br \/>\n<\/a><\/span><\/p>\n<p class=\"MsoNormal\" style=\"text-align: justify; margin: 0cm 0cm 0pt;\">\n<p class=\"MsoNormal\" style=\"margin: 0cm 0cm 0pt; text-align: center;\"><a rel=\"attachment wp-att-3474\" href=\"http:\/\/blog.cancaonova.com\/riopreto\/?attachment_id=3474\"><img loading=\"lazy\" decoding=\"async\" class=\"size-full wp-image-3474 aligncenter\" title=\"niver1\" src=\"http:\/\/blog.cancaonova.com\/riopreto\/files\/2010\/05\/niver1.jpg\" alt=\"\" width=\"500\" height=\"333\" \/><\/a><\/p>\n<p class=\"western\" style=\"margin-bottom: 0cm;\">\n<p class=\"western\" style=\"margin-bottom: 0cm; text-align: center;\">::: Acompanhe <strong>um trecho da prega\u00e7\u00e3o do Padre Bruno,<\/strong><br \/>\nneste 6\u00ba Anivers\u00e1rio da R\u00e1dio Can\u00e7\u00e3o Nova do Cora\u00e7\u00e3o de Maria :::<\/p>\n<p class=\"western\" style=\"margin-bottom: 0cm; text-align: left;\">***<\/p>\n<p class=\"western\" style=\"margin-bottom: 0cm;\">Domingo dia do Senhor, quem quer ben\u00e7ao na sua vida, na palavra diz \u201cPedi e vos ser\u00e1 dado\u201d , entao pe\u00e7a, clame pela gra\u00e7a, pela for\u00e7a, n\u00e3o pe\u00e7a pouco, pe\u00e7a muito, pe\u00e7a tudo que voc\u00ea deseja de Deus .<\/p>\n<p class=\"western\" style=\"margin-bottom: 0cm;\">Amados irmaos,quero louvar e bendizer o Senhor, pois \u00e9 um dia muito especial, \u00e9 o dia do Senhor \u00e9 o dia da entrega. \u00c9 domingo de Pentescostes, dia de transforma\u00e7ao concreta, mas ela depende de voc\u00ea. Somente tomados pelo Esp\u00edrito Santo podemos seremos inteiramente abertos a transforma\u00e7ao.<\/p>\n<p class=\"western\" style=\"margin-bottom: 0cm;\">(Ato dos Ap\u00f3stos cap1) Todos perseveraram.Logo ap\u00f3s a morte de Jesus, como esses apostolos estavam, o que sentiam, aqueles homens se sentiam sozinhos, chegando ao cen\u00e1culo foram recebidos por Maria com todo amor e consolo. E hoje quantos de n\u00f3s j\u00e1 perdemos a esperan\u00e7a, e\u00a0 agora n\u00f3s somos convidados a receber este consolo este amor que vem da mae, Maria assumia ali sua missao, ser mae, quando temos Maria conosco temos confian\u00e7a e perseveramos.invoca a infusao do Espirito Santo e Este se faz presente no meio deles. N\u00f3s precisamos praticar a palavra do Senhor, e \u00e9 vivendo diarimente esta efusao, para que possamos n\u00e3o desasnimar.<\/p>\n<p class=\"western\" style=\"margin-bottom: 0cm;\">Precisamos estar abertos ao fogo do esp\u00edrito para podermos ser transformados e\u00a0 transformar todo um povo. \u00c9 o Espirito que nos da coragem de proclamar a palavra, para levantar a cada e perseverar na esperan\u00e7a.<\/p>\n<p class=\"western\" style=\"margin-bottom: 0cm;\">.<\/p>\n<p class=\"western\" style=\"margin-bottom: 0cm;\"><object width=\"480\" height=\"385\"><param name=\"movie\" value=\"http:\/\/www.youtube.com\/v\/DZ0ZWfN0cME\"><\/param><param name=\"allowFullScreen\" value=\"true\"><\/param><param name=\"allowscriptaccess\" value=\"always\"><\/param><embed src=\"http:\/\/www.youtube.com\/v\/DZ0ZWfN0cME\" type=\"application\/x-shockwave-flash\" allowscriptaccess=\"always\" allowfullscreen=\"true\" width=\"480\" height=\"385\"><\/embed><\/object>\n<\/p>\n<p class=\"western\" style=\"margin-bottom: 0cm;\">.<\/p>\n<p class=\"western\" style=\"margin-bottom: 0cm;\"><a href=\"http:\/\/www.flickr.com\/photos\/34871020@N02\/sets\/\" target=\"_blank\"><strong>Clique aqui para ver mais fotos:<\/strong><\/a><\/p>\n<p class=\"western\" style=\"margin-bottom: 0cm;\">.<\/p>\n<p class=\"western\" style=\"margin-bottom: 0cm;\"><a href=\"http:\/\/www.flickr.com\/photos\/34871020@N02\/sets\/\"><img loading=\"lazy\" decoding=\"async\" class=\"aligncenter size-full wp-image-3622\" src=\"http:\/\/blog.cancaonova.com\/riopreto\/files\/2010\/05\/4631756403_46c21551361.jpg\" alt=\"\" width=\"500\" height=\"333\" \/><\/a><\/p>\n<p class=\"western\" style=\"margin-bottom: 0cm;\">\n<p class=\"MsoNormal\" style=\"text-align: justify; margin: 0cm 0cm 0pt;\"><a rel=\"attachment wp-att-3462\" href=\"http:\/\/blog.cancaonova.com\/riopreto\/?attachment_id=3462\"><\/a><\/p>\n","protected":false},"excerpt":{"rendered":"<p>::: Acompanhe um trecho da prega\u00e7\u00e3o do Padre Bruno, neste 6\u00ba Anivers\u00e1rio da R\u00e1dio Can\u00e7\u00e3o Nova do Cora\u00e7\u00e3o de Maria ::: *** Domingo dia do Senhor, quem quer ben\u00e7ao na sua vida, na palavra diz \u201cPedi e vos ser\u00e1 dado\u201d&#8230;<\/p>\n","protected":false},"author":2701,"featured_media":0,"comment_status":"open","ping_status":"open","sticky":false,"template":"","format":"standard","meta":{"_mi_skip_tracking":false,"_monsterinsights_sitenote_active":false,"_monsterinsights_sitenote_note":"","_monsterinsights_sitenote_category":0,"footnotes":""},"categories":[12551],"tags":[18094,16504,6351,11871,17218,2031],"_links":{"self":[{"href":"https:\/\/blog.cancaonova.com\/riopreto\/wp-json\/wp\/v2\/posts\/3460"}],"collection":[{"href":"https:\/\/blog.cancaonova.com\/riopreto\/wp-json\/wp\/v2\/posts"}],"about":[{"href":"https:\/\/blog.cancaonova.com\/riopreto\/wp-json\/wp\/v2\/types\/post"}],"author":[{"embeddable":true,"href":"https:\/\/blog.cancaonova.com\/riopreto\/wp-json\/wp\/v2\/users\/2701"}],"replies":[{"embeddable":true,"href":"https:\/\/blog.cancaonova.com\/riopreto\/wp-json\/wp\/v2\/comments?post=3460"}],"version-history":[{"count":31,"href":"https:\/\/blog.cancaonova.com\/riopreto\/wp-json\/wp\/v2\/posts\/3460\/revisions"}],"predecessor-version":[{"id":3630,"href":"https:\/\/blog.cancaonova.com\/riopreto\/wp-json\/wp\/v2\/posts\/3460\/revisions\/3630"}],"wp:attachment":[{"href":"https:\/\/blog.cancaonova.com\/riopreto\/wp-json\/wp\/v2\/media?parent=3460"}],"wp:term":[{"taxonomy":"category","embeddable":true,"href":"https:\/\/blog.cancaonova.com\/riopreto\/wp-json\/wp\/v2\/categories?post=3460"},{"taxonomy":"post_tag","embeddable":true,"href":"https:\/\/blog.cancaonova.com\/riopreto\/wp-json\/wp\/v2\/tags?post=3460"}],"curies":[{"name":"wp","href":"https:\/\/api.w.org\/{rel}","templated":true}]}}