{"id":3524,"date":"2010-05-23T16:05:22","date_gmt":"2010-05-23T19:05:22","guid":{"rendered":"http:\/\/blog.cancaonova.com\/riopreto\/?p=3524"},"modified":"2010-05-24T10:19:24","modified_gmt":"2010-05-24T13:19:24","slug":"santa-missa_dpaulo-mendes","status":"publish","type":"post","link":"https:\/\/blog.cancaonova.com\/riopreto\/santa-missa_dpaulo-mendes\/","title":{"rendered":"Santa Missa com Dom Paulo Mendes"},"content":{"rendered":"<p class=\"MsoNormal\" style=\"margin: 0cm 0cm 0pt;\">\n<p class=\"MsoNormal\" style=\"margin: 0cm 0cm 0pt;\">.<\/p>\n<p class=\"MsoNormal\" style=\"margin: 0cm 0cm 0pt;\"><span style=\"font-size: small;\"><span style=\"font-family: Times New Roman;\">A Santa missa foi presidida por Dom Paulo Mendes, iniciou nos trazendo a reflex\u00e3o de Pentecoste, a clareza que o Esp\u00edrito Santo tamb\u00e9m se transporta atrav\u00e9s<span style=\"mso-spacerun: yes;\"> <\/span>das ondas da r\u00e1dio evangelizadora.<span style=\"mso-spacerun: yes;\"> <\/span><\/span><\/span><\/p>\n<p class=\"MsoNormal\" style=\"margin: 0cm 0cm 0pt;\"><span style=\"font-size: small; font-family: Times New Roman;\">Durante a homilia Dom Paulo completou que essas ondas possibilitam que muitos tomem conhecimento e posse de Deus al\u00e9m de conforto e alegria atrav\u00e9s da palavra. <\/span><\/p>\n<p><span style=\"font-size: 12pt; font-family: &quot;Times New Roman&quot;; mso-bidi-font-size: 10.0pt; mso-font-kerning: .5pt; mso-fareast-font-family: 'Times New Roman'; mso-ansi-language: PT-BR; mso-fareast-language: PT-BR; mso-bidi-language: AR-SA;\">Acompanhe a homilia.<\/span><\/p>\n<p>.<\/p>\n<p><object width=\"480\" height=\"385\"><param name=\"movie\" value=\"http:\/\/www.youtube.com\/v\/vrJ5mhoU6yI\"><\/param><param name=\"allowFullScreen\" value=\"true\"><\/param><param name=\"allowscriptaccess\" value=\"always\"><\/param><embed src=\"http:\/\/www.youtube.com\/v\/vrJ5mhoU6yI\" type=\"application\/x-shockwave-flash\" allowscriptaccess=\"always\" allowfullscreen=\"true\" width=\"480\" height=\"385\"><\/embed><\/object><\/p>\n<p>.<\/p>\n","protected":false},"excerpt":{"rendered":"<p>. A Santa missa foi presidida por Dom Paulo Mendes, iniciou nos trazendo a reflex\u00e3o de Pentecoste, a clareza que o Esp\u00edrito Santo tamb\u00e9m se transporta atrav\u00e9s das ondas da r\u00e1dio evangelizadora. Durante a homilia Dom Paulo completou que essas&#8230;<\/p>\n","protected":false},"author":2701,"featured_media":0,"comment_status":"open","ping_status":"open","sticky":false,"template":"","format":"standard","meta":{"_mi_skip_tracking":false,"_monsterinsights_sitenote_active":false,"_monsterinsights_sitenote_note":"","_monsterinsights_sitenote_category":0,"footnotes":""},"categories":[12551],"tags":[32354,16504,6351,11871,17218,2031],"_links":{"self":[{"href":"https:\/\/blog.cancaonova.com\/riopreto\/wp-json\/wp\/v2\/posts\/3524"}],"collection":[{"href":"https:\/\/blog.cancaonova.com\/riopreto\/wp-json\/wp\/v2\/posts"}],"about":[{"href":"https:\/\/blog.cancaonova.com\/riopreto\/wp-json\/wp\/v2\/types\/post"}],"author":[{"embeddable":true,"href":"https:\/\/blog.cancaonova.com\/riopreto\/wp-json\/wp\/v2\/users\/2701"}],"replies":[{"embeddable":true,"href":"https:\/\/blog.cancaonova.com\/riopreto\/wp-json\/wp\/v2\/comments?post=3524"}],"version-history":[{"count":12,"href":"https:\/\/blog.cancaonova.com\/riopreto\/wp-json\/wp\/v2\/posts\/3524\/revisions"}],"predecessor-version":[{"id":3529,"href":"https:\/\/blog.cancaonova.com\/riopreto\/wp-json\/wp\/v2\/posts\/3524\/revisions\/3529"}],"wp:attachment":[{"href":"https:\/\/blog.cancaonova.com\/riopreto\/wp-json\/wp\/v2\/media?parent=3524"}],"wp:term":[{"taxonomy":"category","embeddable":true,"href":"https:\/\/blog.cancaonova.com\/riopreto\/wp-json\/wp\/v2\/categories?post=3524"},{"taxonomy":"post_tag","embeddable":true,"href":"https:\/\/blog.cancaonova.com\/riopreto\/wp-json\/wp\/v2\/tags?post=3524"}],"curies":[{"name":"wp","href":"https:\/\/api.w.org\/{rel}","templated":true}]}}