{"id":3666,"date":"2010-06-14T10:55:12","date_gmt":"2010-06-14T13:55:12","guid":{"rendered":"http:\/\/blog.cancaonova.com\/riopreto\/?p=3666"},"modified":"2010-06-14T10:55:12","modified_gmt":"2010-06-14T13:55:12","slug":"acampamento-phn-2","status":"publish","type":"post","link":"https:\/\/blog.cancaonova.com\/riopreto\/acampamento-phn-2\/","title":{"rendered":"Acampamento PHN"},"content":{"rendered":"<p>Acontecer\u00e1\u00a0 o <span style=\"font-size: small;\"><span style=\"font-family: Times New Roman;\"><span class=\"destaqueslaranjaperegrinacao\"><strong>PHN 12 anos: 12 palestras, 12 atividades e 12 shows para voc\u00ea<\/strong><\/span> <\/span><\/span><\/p>\n<p class=\"MsoNormal\" style=\"margin: 0cm 0cm 12pt;\"><span style=\"font-size: small;\"><span style=\"font-family: Times New Roman;\">O evento mais esperado do ano pelos jovens que frequentam a Can\u00e7\u00e3o Nova est\u00e1 chegando. De 23 a 25 de julho, acontece na sede da comunidade cat\u00f3lica, em Cachoeira Paulista (SP), o Acampamento PHN 2010. Em sua 12\u00aa edi\u00e7\u00e3o, o encontro traz uma novidade para voc\u00ea em comemora\u00e7\u00e3o \u00e0s bodas de seda do movimento que luta contra o pecado: ser\u00e3o 12 palestras, 12 atividades paralelas e 12 shows. <\/span><\/span><\/p>\n<p class=\"MsoNormal\" style=\"margin: 0cm 0cm 0pt;\"><span style=\"font-size: small; font-family: Times New Roman;\">Pe. Paulo Ricardo, Pe. Fabr\u00edcio Andrade, Dunga, Astromar Miranda, Marcio Mendes, Carlos Antonio(Tuffi), Tenente Orlando Lima&#8230;<\/span><\/p>\n<p><a href=\"http:\/\/URLdopost\"><img loading=\"lazy\" decoding=\"async\" class=\"aligncenter size-full wp-image-3319\" title=\"acampamento2\" src=\"http:\/\/blog.cancaonova.com\/riopreto\/files\/2010\/03\/acampamento2.jpg\" alt=\"\" width=\"450\" height=\"314\" \/><\/a><\/p>\n<p>Venha viajar conosco,<\/p>\n<p>Sa\u00edda dia 23 \u00e0s 21:00, retorno dia 25 \u00e0s 18:00<\/p>\n<p>Valor: R$ 130,00 (podendo ser parcelado em 3 vezes)<\/p>\n<p>Informa\u00e7\u00f5es: (17) 3233-4600.<\/p>\n","protected":false},"excerpt":{"rendered":"<p>Acontecer\u00e1\u00a0 o PHN 12 anos: 12 palestras, 12 atividades e 12 shows para voc\u00ea O evento mais esperado do ano pelos jovens que frequentam a Can\u00e7\u00e3o Nova est\u00e1 chegando. De 23 a 25 de julho, acontece na sede da comunidade&#8230;<\/p>\n","protected":false},"author":2701,"featured_media":0,"comment_status":"open","ping_status":"open","sticky":false,"template":"","format":"standard","meta":{"_mi_skip_tracking":false,"_monsterinsights_sitenote_active":false,"_monsterinsights_sitenote_note":"","_monsterinsights_sitenote_category":0,"footnotes":""},"categories":[46,114],"tags":[],"_links":{"self":[{"href":"https:\/\/blog.cancaonova.com\/riopreto\/wp-json\/wp\/v2\/posts\/3666"}],"collection":[{"href":"https:\/\/blog.cancaonova.com\/riopreto\/wp-json\/wp\/v2\/posts"}],"about":[{"href":"https:\/\/blog.cancaonova.com\/riopreto\/wp-json\/wp\/v2\/types\/post"}],"author":[{"embeddable":true,"href":"https:\/\/blog.cancaonova.com\/riopreto\/wp-json\/wp\/v2\/users\/2701"}],"replies":[{"embeddable":true,"href":"https:\/\/blog.cancaonova.com\/riopreto\/wp-json\/wp\/v2\/comments?post=3666"}],"version-history":[{"count":2,"href":"https:\/\/blog.cancaonova.com\/riopreto\/wp-json\/wp\/v2\/posts\/3666\/revisions"}],"predecessor-version":[{"id":3668,"href":"https:\/\/blog.cancaonova.com\/riopreto\/wp-json\/wp\/v2\/posts\/3666\/revisions\/3668"}],"wp:attachment":[{"href":"https:\/\/blog.cancaonova.com\/riopreto\/wp-json\/wp\/v2\/media?parent=3666"}],"wp:term":[{"taxonomy":"category","embeddable":true,"href":"https:\/\/blog.cancaonova.com\/riopreto\/wp-json\/wp\/v2\/categories?post=3666"},{"taxonomy":"post_tag","embeddable":true,"href":"https:\/\/blog.cancaonova.com\/riopreto\/wp-json\/wp\/v2\/tags?post=3666"}],"curies":[{"name":"wp","href":"https:\/\/api.w.org\/{rel}","templated":true}]}}