{"id":3933,"date":"2011-02-18T14:51:49","date_gmt":"2011-02-18T17:51:49","guid":{"rendered":"http:\/\/blog.cancaonova.com\/riopreto\/?p=3933"},"modified":"2011-02-18T14:51:49","modified_gmt":"2011-02-18T17:51:49","slug":"eventos-cancao-nova-rio-preto-fevereiro","status":"publish","type":"post","link":"https:\/\/blog.cancaonova.com\/riopreto\/eventos-cancao-nova-rio-preto-fevereiro\/","title":{"rendered":"Eventos Can\u00e7\u00e3o Nova Rio Preto - Fevereiro"},"content":{"rendered":"<h3><span style=\"color: #ff0000\">\u2022 VIGILIA DE ORA\u00c7\u00c3O CLAMANDO POR MILAGRES<\/span><\/h3>\n<p><em><strong>Uma noite de muitas ben\u00e7\u00e3os<\/strong><\/em><\/p>\n<p>Inicio \u00e0s 22 horas com a Santa Missa<br \/>\n<strong>Data:<\/strong> 26\/02\/2011<br \/>\n<strong>Local:<\/strong> Par\u00f3quia Santa Edwirges<br \/>\nVila Toninho &#8211; Rio Preto<\/p>\n<h2><span style=\"color: #ff0000\">\u00a0<\/span><\/h2>\n<h3><span style=\"color: #ff0000\">\u2022 MISSA DO CLUBE DO OUVINTE<\/span><\/h3>\n<p><strong><em>Especialmente para os S\u00f3cios Evangelizadores da Can\u00e7\u00e3o Nova\u00a0em Rio Preto<br \/>\nPresidida pelo Padre Toninho<\/em><\/strong><\/p>\n<p><strong>Data:<\/strong> 28\/02\/2011<br \/>\n<strong>Local:<\/strong> Par\u00f3quia Santo Antonio de Lisboa<br \/>\nRua Tocantins, 290 &#8211; Vila Goyos &#8211; Rio Preto<\/p>\n<h2><span style=\"color: #ff0000\">\u00a0<\/span><\/h2>\n<h3><span style=\"color: #ff0000\">\u2022 BAZAR CHIQUE<\/span><\/h3>\n<p><em><strong>Dia 03 de mar\u00e7o, das 09 \u00e0s 16 horas,<br \/>\nbazar com roupas e sapatos novos, a pre\u00e7os baixos.<\/strong><\/em><\/p>\n<p><strong>Data:<\/strong> 02\/03\/2011<br \/>\n<strong>Hor\u00e1rio:<\/strong> Das 9 \u00e0s 16 horas<br \/>\n<strong>Local:<\/strong> Casa de Evangeliza\u00e7\u00e3o Can\u00e7\u00e3o Nova<br \/>\nRua XV de Novembro, 3131 &#8211; Centro &#8211; Rio Preto<br \/>\n<strong>Informa\u00e7\u00f5es:<\/strong> 3233-4600<\/p>\n","protected":false},"excerpt":{"rendered":"<p>\u2022 VIGILIA DE ORA\u00c7\u00c3O CLAMANDO POR MILAGRES Uma noite de muitas ben\u00e7\u00e3os Inicio \u00e0s 22 horas com a Santa Missa Data: 26\/02\/2011 Local: Par\u00f3quia Santa Edwirges Vila Toninho &#8211; Rio Preto \u00a0 \u2022 MISSA DO CLUBE DO OUVINTE Especialmente para&#8230;<\/p>\n","protected":false},"author":2701,"featured_media":0,"comment_status":"open","ping_status":"open","sticky":false,"template":"","format":"standard","meta":{"_mi_skip_tracking":false,"_monsterinsights_sitenote_active":false,"_monsterinsights_sitenote_note":"","_monsterinsights_sitenote_category":0,"footnotes":""},"categories":[46,19,10341],"tags":[],"_links":{"self":[{"href":"https:\/\/blog.cancaonova.com\/riopreto\/wp-json\/wp\/v2\/posts\/3933"}],"collection":[{"href":"https:\/\/blog.cancaonova.com\/riopreto\/wp-json\/wp\/v2\/posts"}],"about":[{"href":"https:\/\/blog.cancaonova.com\/riopreto\/wp-json\/wp\/v2\/types\/post"}],"author":[{"embeddable":true,"href":"https:\/\/blog.cancaonova.com\/riopreto\/wp-json\/wp\/v2\/users\/2701"}],"replies":[{"embeddable":true,"href":"https:\/\/blog.cancaonova.com\/riopreto\/wp-json\/wp\/v2\/comments?post=3933"}],"version-history":[{"count":20,"href":"https:\/\/blog.cancaonova.com\/riopreto\/wp-json\/wp\/v2\/posts\/3933\/revisions"}],"predecessor-version":[{"id":3953,"href":"https:\/\/blog.cancaonova.com\/riopreto\/wp-json\/wp\/v2\/posts\/3933\/revisions\/3953"}],"wp:attachment":[{"href":"https:\/\/blog.cancaonova.com\/riopreto\/wp-json\/wp\/v2\/media?parent=3933"}],"wp:term":[{"taxonomy":"category","embeddable":true,"href":"https:\/\/blog.cancaonova.com\/riopreto\/wp-json\/wp\/v2\/categories?post=3933"},{"taxonomy":"post_tag","embeddable":true,"href":"https:\/\/blog.cancaonova.com\/riopreto\/wp-json\/wp\/v2\/tags?post=3933"}],"curies":[{"name":"wp","href":"https:\/\/api.w.org\/{rel}","templated":true}]}}