{"id":3954,"date":"2011-03-04T18:27:06","date_gmt":"2011-03-04T21:27:06","guid":{"rendered":"http:\/\/blog.cancaonova.com\/riopreto\/?p=3954"},"modified":"2011-03-04T18:27:06","modified_gmt":"2011-03-04T21:27:06","slug":"marcio-mendes-em-sao-jose-do-rio-preto","status":"publish","type":"post","link":"https:\/\/blog.cancaonova.com\/riopreto\/marcio-mendes-em-sao-jose-do-rio-preto\/","title":{"rendered":"M\u00e1rcio Mendes em S\u00e3o Jos\u00e9 do Rio Preto"},"content":{"rendered":"<p><a href=\"http:\/\/blog.cancaonova.com\/riopreto\/files\/2011\/03\/4482010790_892d3289c4.jpg\"><img loading=\"lazy\" decoding=\"async\" class=\"aligncenter size-full wp-image-3955\" src=\"http:\/\/blog.cancaonova.com\/riopreto\/files\/2011\/03\/4482010790_892d3289c4.jpg\" alt=\"\" width=\"500\" height=\"336\" srcset=\"https:\/\/blog.cancaonova.com\/riopreto\/files\/2011\/03\/4482010790_892d3289c4.jpg 500w, https:\/\/blog.cancaonova.com\/riopreto\/files\/2011\/03\/4482010790_892d3289c4-300x201.jpg 300w\" sizes=\"(max-width: 500px) 100vw, 500px\" \/><\/a><\/p>\n<p>Nas noites de quinta-feira, a partir das 20 horas, temos o Grupo de Ora\u00e7\u00e3o, na Casa da Can\u00e7\u00e3o Nova em Rio Preto. No dia\u00a010 de mar\u00e7o, teremos a ilustre presen\u00e7a de M\u00e1rcio Mendes, mission\u00e1rio, pregador e escritor da Comunidade Can\u00e7\u00e3o que estar\u00e1 na cidade, lan\u00e7ados os livros da Cole\u00e7\u00e3o &#8220;Dons do Esp\u00edrito Santo&#8221;. O grupo de ora\u00e7\u00e3o come\u00e7a por volta das 20 horas, logo ap\u00f3s a Santa Missa que \u00e9 celebrada a partir das 19 horas.<\/p>\n<p>Voc\u00ea \u00e9 nosso Convidado Especial.<\/p>\n<p>A Casa de Miss\u00e3o da Can\u00e7\u00e3o Nova de Rio Preto\u00a0fica na rua XV de Novembro, 3131, Centro.<\/p>\n","protected":false},"excerpt":{"rendered":"<p>Nas noites de quinta-feira, a partir das 20 horas, temos o Grupo de Ora\u00e7\u00e3o, na Casa da Can\u00e7\u00e3o Nova em Rio Preto. No dia\u00a010 de mar\u00e7o, teremos a ilustre presen\u00e7a de M\u00e1rcio Mendes, mission\u00e1rio, pregador e escritor da Comunidade Can\u00e7\u00e3o&#8230;<\/p>\n","protected":false},"author":2701,"featured_media":0,"comment_status":"open","ping_status":"open","sticky":false,"template":"","format":"standard","meta":{"_mi_skip_tracking":false,"_monsterinsights_sitenote_active":false,"_monsterinsights_sitenote_note":"","_monsterinsights_sitenote_category":0,"footnotes":""},"categories":[19,10341,3871],"tags":[6351,17128,3511,23452],"_links":{"self":[{"href":"https:\/\/blog.cancaonova.com\/riopreto\/wp-json\/wp\/v2\/posts\/3954"}],"collection":[{"href":"https:\/\/blog.cancaonova.com\/riopreto\/wp-json\/wp\/v2\/posts"}],"about":[{"href":"https:\/\/blog.cancaonova.com\/riopreto\/wp-json\/wp\/v2\/types\/post"}],"author":[{"embeddable":true,"href":"https:\/\/blog.cancaonova.com\/riopreto\/wp-json\/wp\/v2\/users\/2701"}],"replies":[{"embeddable":true,"href":"https:\/\/blog.cancaonova.com\/riopreto\/wp-json\/wp\/v2\/comments?post=3954"}],"version-history":[{"count":4,"href":"https:\/\/blog.cancaonova.com\/riopreto\/wp-json\/wp\/v2\/posts\/3954\/revisions"}],"predecessor-version":[{"id":3959,"href":"https:\/\/blog.cancaonova.com\/riopreto\/wp-json\/wp\/v2\/posts\/3954\/revisions\/3959"}],"wp:attachment":[{"href":"https:\/\/blog.cancaonova.com\/riopreto\/wp-json\/wp\/v2\/media?parent=3954"}],"wp:term":[{"taxonomy":"category","embeddable":true,"href":"https:\/\/blog.cancaonova.com\/riopreto\/wp-json\/wp\/v2\/categories?post=3954"},{"taxonomy":"post_tag","embeddable":true,"href":"https:\/\/blog.cancaonova.com\/riopreto\/wp-json\/wp\/v2\/tags?post=3954"}],"curies":[{"name":"wp","href":"https:\/\/api.w.org\/{rel}","templated":true}]}}