{"id":4039,"date":"2011-05-22T18:51:52","date_gmt":"2011-05-22T21:51:52","guid":{"rendered":"http:\/\/blog.cancaonova.com\/riopreto\/?p=4039"},"modified":"2011-05-22T18:55:44","modified_gmt":"2011-05-22T21:55:44","slug":"pregacao-da-tarde-marcio-mendes","status":"publish","type":"post","link":"https:\/\/blog.cancaonova.com\/riopreto\/pregacao-da-tarde-marcio-mendes\/","title":{"rendered":"Prega\u00e7\u00e3o da Tarde com M\u00e1rcio Mendes"},"content":{"rendered":"<p>Um grande clamor ao Esp\u00edrito Santo se levantou junto ao Minist\u00e9rio de M\u00fasica Can\u00e7\u00e3o Nova levando-nos a orar e a presen\u00e7a do Esp\u00edrito Santo junto a n\u00f3s.<\/p>\n<p>A palavra que o Senhor nos trouxe atrav\u00e9s de Marcio Mendes foi: Eclesi\u00e1stico 38, 9-15<\/p>\n<p>Nesta passagem temos quatro mensagens fundamentais do Pai, s\u00e3o elas: Ora ao Senhor que o curara; afasta-te do pecado; oferece a Deus algo; d\u00e1 lugar ao m\u00e9dico.<\/p>\n<p>Esta palavra vem nos dizer que em primeiro lugar devemos buscar a Deus, os m\u00e9dicos trazem o material para curas, mas existem curas que se realizaram somente atrav\u00e9s de Deus.<\/p>\n<p>\u00c9 atrav\u00e9s da ora\u00e7\u00e3o que o Pai se revela, nos mostra qual o desejo Dele para nossa vida, e somente atrav\u00e9s do discernimento \u00e9 possibilitado a n\u00f3s a compreens\u00e3o do que Deus deseja.<\/p>\n<p>Entrega a Deus a tua vida, a tua fam\u00edlia, aceita a luz de Deus que \u00e9 o discernimento. E atrav\u00e9s deste discernimento o Esp\u00edrito Santo nos cura dos nossos desequil\u00edbrios e perturba\u00e7\u00f5es na mente, cura nossas ang\u00fastias e tristezas. Busquemos a ora\u00e7\u00e3o, clamando que a m\u00e3o do Pai toque a sua vida, toque a sua dificuldade, derrame toda sua gra\u00e7a do discernindo dos dons em ti, clame que o Pai retire todas as armadilhas que o mal possa tecer em torno de voc\u00ea. Eleve suas ora\u00e7\u00f5es e n\u00e3o cesse, pois o poder de Deus est\u00e1 ao teu lado.<\/p>\n","protected":false},"excerpt":{"rendered":"<p>Um grande clamor ao Esp\u00edrito Santo se levantou junto ao Minist\u00e9rio de M\u00fasica Can\u00e7\u00e3o Nova levando-nos a orar e a presen\u00e7a do Esp\u00edrito Santo junto a n\u00f3s. A palavra que o Senhor nos trouxe atrav\u00e9s de Marcio Mendes foi: Eclesi\u00e1stico&#8230;<\/p>\n","protected":false},"author":2701,"featured_media":0,"comment_status":"open","ping_status":"open","sticky":false,"template":"","format":"standard","meta":{"_mi_skip_tracking":false,"_monsterinsights_sitenote_active":false,"_monsterinsights_sitenote_note":"","_monsterinsights_sitenote_category":0,"footnotes":""},"categories":[12551,19,11371],"tags":[],"_links":{"self":[{"href":"https:\/\/blog.cancaonova.com\/riopreto\/wp-json\/wp\/v2\/posts\/4039"}],"collection":[{"href":"https:\/\/blog.cancaonova.com\/riopreto\/wp-json\/wp\/v2\/posts"}],"about":[{"href":"https:\/\/blog.cancaonova.com\/riopreto\/wp-json\/wp\/v2\/types\/post"}],"author":[{"embeddable":true,"href":"https:\/\/blog.cancaonova.com\/riopreto\/wp-json\/wp\/v2\/users\/2701"}],"replies":[{"embeddable":true,"href":"https:\/\/blog.cancaonova.com\/riopreto\/wp-json\/wp\/v2\/comments?post=4039"}],"version-history":[{"count":5,"href":"https:\/\/blog.cancaonova.com\/riopreto\/wp-json\/wp\/v2\/posts\/4039\/revisions"}],"predecessor-version":[{"id":4048,"href":"https:\/\/blog.cancaonova.com\/riopreto\/wp-json\/wp\/v2\/posts\/4039\/revisions\/4048"}],"wp:attachment":[{"href":"https:\/\/blog.cancaonova.com\/riopreto\/wp-json\/wp\/v2\/media?parent=4039"}],"wp:term":[{"taxonomy":"category","embeddable":true,"href":"https:\/\/blog.cancaonova.com\/riopreto\/wp-json\/wp\/v2\/categories?post=4039"},{"taxonomy":"post_tag","embeddable":true,"href":"https:\/\/blog.cancaonova.com\/riopreto\/wp-json\/wp\/v2\/tags?post=4039"}],"curies":[{"name":"wp","href":"https:\/\/api.w.org\/{rel}","templated":true}]}}