{"id":4101,"date":"2012-02-23T14:10:36","date_gmt":"2012-02-23T17:10:36","guid":{"rendered":"http:\/\/blog.cancaonova.com\/riopreto\/?p=4101"},"modified":"2012-02-23T14:16:16","modified_gmt":"2012-02-23T17:16:16","slug":"mensagem-do-papa-para-a-campanha-da-fraternidade-2012","status":"publish","type":"post","link":"https:\/\/blog.cancaonova.com\/riopreto\/mensagem-do-papa-para-a-campanha-da-fraternidade-2012\/","title":{"rendered":"Mensagem do Papa para a Campanha da Fraternidade 2012"},"content":{"rendered":"<p><a href=\"http:\/\/blog.cancaonova.com\/riopreto\/files\/2012\/02\/Brasao_BentoXVI.jpg\"><img loading=\"lazy\" decoding=\"async\" src=\"http:\/\/blog.cancaonova.com\/riopreto\/files\/2012\/02\/Brasao_BentoXVI.jpg\" alt=\"\" width=\"98\" height=\"135\" class=\"alignleft size-full wp-image-4104\" \/><\/a><\/p>\n<p>Ao Venerado Irm\u00e3o<br \/>\nCARDEAL RAYMUNDO DAMASCENO ASSIS<br \/>\nArcebispo de Aparecida (SP) e Presidente da CNBB<\/p>\n<p>Fraternas sauda\u00e7\u00f5es em Cristo Senhor!<\/p>\n<p>De bom grado me associo \u00e0 Confer\u00eancia Nacional dos Bispos do Brasil que lan\u00e7a uma nova Campanha da Fraternidade, sob o lema &#8220;que a sa\u00fade se difunda sobre a terra&#8221; (cf. Eclo 38,8), com o objetivo de suscitar, a partir de uma reflex\u00e3o sobre a realidade da sa\u00fade no Brasil, um maior esp\u00edrito fraterno e comunit\u00e1rio na aten\u00e7\u00e3o dos enfermos e levar a sociedade a garantir a mais pessoas o direito de ter acesso aos meios necess\u00e1rios para uma vida saud\u00e1vel.<\/p>\n<p>Para os crist\u00e3os, de modo particular, o lema b\u00edblico \u00e9 uma lembran\u00e7a de que a sa\u00fade vai muito al\u00e9m de um simples bem estar corporal. No epis\u00f3dio da cura de um paral\u00edtico (cf. Mt 9, 2-8), Jesus, antes de fazer com que esse voltasse a andar, perdoa-lhe os pecados, ensinando que a cura perfeita \u00e9 o perd\u00e3o dos pecados, e a sa\u00fade por excel\u00eancia \u00e9 a da alma, pois \u00abque adianta ao homem ganhar o mundo inteiro, mas perder a sua alma?\u00bb (Mt 16,26). Com efeito, as palavras sa\u00fade e salva\u00e7\u00e3o t\u00eam origem no mesmo termo latino salus e n\u00e3o por outra raz\u00e3o, nos Evangelhos, vemos a a\u00e7\u00e3o do Salvador da humanidade associada a diversas curas: \u00abJesus andava por toda a Galil\u00e9ia, ensinando em suas sinagogas, pregando o Evangelho do Reino e curando todo o tipo de doen\u00e7a e enfermidades do povo\u00bb (Mt 4,23).<\/p>\n<p>Com o seu exemplo diante dos olhos, segundo o verdadeiro esp\u00edrito quaresmal, possa esta Campanha inspirar no cora\u00e7\u00e3o dos fi\u00e9is e das pessoas de boa vontade uma solidariedade cada vez mais profunda para com os enfermos, tantas vezes sofrendo mais pela solid\u00e3o e abandono do que pela doen\u00e7a, lembrando que o pr\u00f3prio Jesus quis Se identificar com eles: \u00abpois Eu estava doente e cuidastes de Mim\u00bb (Mt 25,36). Ajudando-lhes ao mesmo tempo a descobrir que se, por um lado, a doen\u00e7a \u00e9 prova dolorosa, por outro, pode ser, na uni\u00e3o com Cristo crucificado e ressuscitado, uma participa\u00e7\u00e3o no mist\u00e9rio do sofrimento d\u2019Ele para a salva\u00e7\u00e3o do mundo. Pois, \u00aboferecendo o nosso sofrimento a Deus por meio de Cristo, n\u00f3s podemos colaborar na vit\u00f3ria do bem sobre o mal, porque Deus torna fecunda a nossa oferta, o nosso ato de amor\u00bb (Bento XVI, Discurso aos enfermos de Turim, 2\/V\/2010).<\/p>\n<p>Associando-me, pois, a esta iniciativa da CNBB e fazendo minhas as alegrias e as esperan\u00e7as, as tristezas e as ang\u00fastias de cada um, sa\u00fado fraternalmente quantos tomam parte, f\u00edsica ou espiritualmente, na Campanha \u00abFraternidade e Sa\u00fade P\u00fablica\u00bb, invocando \u2013 pela intercess\u00e3o de Nossa Senhora Aparecida \u2013 para todos, mas de modo especial para os doentes, o conforto e a fortaleza de Deus no cumprimento do dever de estado, individual, familiar e social, fonte de sa\u00fade e progresso do Brasil, tornando-se f\u00e9rtil na santidade, pr\u00f3spero na economia, justo na participa\u00e7\u00e3o das riquezas, alegre no servi\u00e7o p\u00fablico, equ\u00e2nime no poder e fraterno no desenvolvimento. E, para confirmar-lhes nestes bons prop\u00f3sitos, envio uma propiciadora B\u00ean\u00e7\u00e3o Apost\u00f3lica.<\/p>\n<p>Vaticano, 11 de fevereiro de 2012<\/p>\n<p>Fonte: <a href=\"http:\/\/noticias.cancaonova.com\/noticia.php?id=285332\">http:\/\/noticias.cancaonova.com\/noticia.php?id=285332<\/a>  <\/p>\n","protected":false},"excerpt":{"rendered":"<p>Ao Venerado Irm\u00e3o CARDEAL RAYMUNDO DAMASCENO ASSIS Arcebispo de Aparecida (SP) e Presidente da CNBB Fraternas sauda\u00e7\u00f5es em Cristo Senhor! De bom grado me associo \u00e0 Confer\u00eancia Nacional dos Bispos do Brasil que lan\u00e7a uma nova Campanha da Fraternidade, sob&#8230;<\/p>\n","protected":false},"author":2701,"featured_media":0,"comment_status":"open","ping_status":"open","sticky":false,"template":"","format":"standard","meta":{"_mi_skip_tracking":false,"_monsterinsights_sitenote_active":false,"_monsterinsights_sitenote_note":"","_monsterinsights_sitenote_category":0,"footnotes":""},"categories":[23],"tags":[],"_links":{"self":[{"href":"https:\/\/blog.cancaonova.com\/riopreto\/wp-json\/wp\/v2\/posts\/4101"}],"collection":[{"href":"https:\/\/blog.cancaonova.com\/riopreto\/wp-json\/wp\/v2\/posts"}],"about":[{"href":"https:\/\/blog.cancaonova.com\/riopreto\/wp-json\/wp\/v2\/types\/post"}],"author":[{"embeddable":true,"href":"https:\/\/blog.cancaonova.com\/riopreto\/wp-json\/wp\/v2\/users\/2701"}],"replies":[{"embeddable":true,"href":"https:\/\/blog.cancaonova.com\/riopreto\/wp-json\/wp\/v2\/comments?post=4101"}],"version-history":[{"count":5,"href":"https:\/\/blog.cancaonova.com\/riopreto\/wp-json\/wp\/v2\/posts\/4101\/revisions"}],"predecessor-version":[{"id":4108,"href":"https:\/\/blog.cancaonova.com\/riopreto\/wp-json\/wp\/v2\/posts\/4101\/revisions\/4108"}],"wp:attachment":[{"href":"https:\/\/blog.cancaonova.com\/riopreto\/wp-json\/wp\/v2\/media?parent=4101"}],"wp:term":[{"taxonomy":"category","embeddable":true,"href":"https:\/\/blog.cancaonova.com\/riopreto\/wp-json\/wp\/v2\/categories?post=4101"},{"taxonomy":"post_tag","embeddable":true,"href":"https:\/\/blog.cancaonova.com\/riopreto\/wp-json\/wp\/v2\/tags?post=4101"}],"curies":[{"name":"wp","href":"https:\/\/api.w.org\/{rel}","templated":true}]}}