{"id":4212,"date":"2012-04-16T16:56:18","date_gmt":"2012-04-16T19:56:18","guid":{"rendered":"http:\/\/blog.cancaonova.com\/riopreto\/?p=4212"},"modified":"2012-04-16T16:56:18","modified_gmt":"2012-04-16T19:56:18","slug":"aniversario-da-loja-cancao-nova","status":"publish","type":"post","link":"https:\/\/blog.cancaonova.com\/riopreto\/aniversario-da-loja-cancao-nova\/","title":{"rendered":"Anivers\u00e1rio da Loja Can\u00e7\u00e3o Nova"},"content":{"rendered":"<p style=\"text-align: left\"><strong>&#8220;CAN\u00c7\u00c3O NOVA, UM CELEIRO DE EVANGELIZA\u00c7\u00c3O&#8230;&#8221;<\/strong><\/p>\n<p>A\u00a0quinta-feira\u00a0\u00e9\u00a0um\u00a0dia\u00a0especial\u00a0em\u00a0toda\u00a0a\u00a0Igreja,<br \/>\nna\u00a0qual\u00a0o\u00a0cora\u00e7\u00e3o\u00a0dos\u00a0fi\u00e9is\u00a0se\u00a0volta\u00a0a\u00a0Jesus\u00a0Sacramentado. S\u00e3o\u00a0momentos\u00a0de\u00a0ora\u00e7\u00e3o,\u00a0prega\u00e7\u00e3o,\u00a0adora\u00e7\u00e3o,\u00a0e\u00a0na\u00a0Can\u00e7\u00e3o\u00a0Nova,\u00a0n\u00e3o\u00a0\u00e9\u00a0diferente.<br \/>\nAinda\u00a0mais\u00a0neste\u00a0dia\u00a012\u00a0de\u00a0abril,<br \/>\nem\u00a0que\u00a0S\u00e3o\u00a0Jos\u00e9\u00a0do\u00a0Rio\u00a0Preto\u00a0celebrou\u00a0um\u00a0dia\u00a0inteiro\u00a0de\u00a0festa, o\u00a0anivers\u00e1rio\u00a0da\u00a0Loja\u00a0Can\u00e7\u00e3o\u00a0Nova.<br \/>\nS\u00e3o\u00a03\u00a0anos\u00a0alimentando\u00a0com\u00a0os\u00a0produtos\u00a0do\u00a0seu\u00a0\u00a0&#8220;Celeiro&#8221;, a\u00a0espiritualidade\u00a0da\u00a0maior\u00a0e\u00a0mais\u00a0bela\u00a0cidade\u00a0da\u00a0Regi\u00e3o\u00a0dos\u00a0Grandes\u00a0Lagos,<br \/>\nno\u00a0Noroeste\u00a0do\u00a0Estado\u00a0de\u00a0S\u00e3o\u00a0Paulo.<br \/>\nUm\u00a0&#8220;Celeiro&#8221;\u00a0criado\u00a0a\u00a0cerca\u00a0de\u00a030\u00a0anos,\u00a0o\u00a0DAVI\u00a0&#8211;<br \/>\nDepartamento\u00a0de\u00a0\u00c1udio\u00a0Visuais,\u00a0se\u00a0tornou, atrav\u00e9s\u00a0dos\u00a0l\u00e1bios\u00a0do\u00a0Fundador\u00a0da\u00a0Can\u00e7\u00e3o\u00a0Nova,\u00a0Monsenhor\u00a0Jonas\u00a0Abib,<br \/>\numa\u00a0&#8220;profecia\u00a0proferida\u00a0e\u00a0cumprida&#8221;, fazendo\u00a0com\u00a0que\u00a0S\u00e3o\u00a0Jos\u00e9\u00a0do\u00a0Rio\u00a0Preto,<br \/>\no\u00a0Brasil\u00a0e\u00a0o\u00a0mundo\u00a0receba\u00a0um\u00a0acervo, que\u00a0vem\u00a0sendo\u00a0armazenado\u00a0pela\u00a0Can\u00e7\u00e3o\u00a0Nova\u00a0durante\u00a0d\u00e9cadas\u00a0de\u00a0evangeliza\u00e7\u00e3o,<br \/>\nem\u00a0um\u00a0verdadeiro\u00a0&#8220;Celeiro&#8221;.<br \/>\nNeste\u00a0dia\u00a0festivo\u00a0para\u00a0a\u00a0Comunidade\u00a0e\u00a0todos\u00a0os\u00a0s\u00f3cios\u00a0da\u00a0Can\u00e7\u00e3o\u00a0Nova\u00a0na\u00a0cidade,<br \/>\natipicamente, a\u00a0Loja\u00a0Can\u00e7\u00e3o\u00a0Nova,\u00a0iniciou\u00a0seus\u00a0trabalhos\u00a0as\u00a08\u00a0horas\u00a0da\u00a0manh\u00e3,\u00a0recebendo\u00a0na\u00a0sequ\u00eancia,<br \/>\nalguns\u00a0integrantes\u00a0do\u00a0Minist\u00e9rio\u00a0Amor\u00a0e\u00a0Adora\u00e7\u00e3o\u00a0e\u00a0mission\u00e1rios\u00a0da\u00a0Can\u00e7\u00e3o\u00a0Nova<br \/>\nem\u00a0Cachoeira\u00a0Paulista, Ana\u00a0L\u00facia\u00a0Rocha,\u00a0Emanuel\u00a0St\u00eanio,\u00a0Ivanilson\u00a0Thurler\u00a0e\u00a0Luciana\u00a0Sitta,<br \/>\nque\u00a0animaram\u00a0a\u00a0manh\u00e3\u00a0de\u00a0ora\u00e7\u00e3o, transmitida\u00a0para\u00a0toda\u00a0a\u00a0Regi\u00e3o\u00a0de\u00a0S\u00e3o\u00a0Jos\u00e9\u00a0do\u00a0Rio\u00a0Preto,<br \/>\npela\u00a0R\u00e1dio\u00a0Can\u00e7\u00e3o\u00a0Nova\u00a0do\u00a0Cora\u00e7\u00e3o\u00a0de\u00a0Maria,\u00a0AM\u00a0810.<br \/>\n<strong>&#8220;Quem\u00a0n\u00e3o\u00a0adorar,\u00a0n\u00e3o\u00a0vai\u00a0aguentar..<\/strong>.&#8221;\u00a0frase\u00a0muito\u00a0conhecida\u00a0do\u00a0Monsenhor\u00a0Jonas\u00a0Abib,\u00a0 e\u00a0expressa\u00a0bem\u00a0o\u00a0que\u00a0foi\u00a0este\u00a0dia.<br \/>\nMuitas\u00a0e\u00a0belas\u00a0m\u00fasicas\u00a0ecoaram\u00a0por\u00a0toda\u00a0a\u00a0Casa\u00a0de\u00a0Miss\u00e3o,\u00a0Loja\u00a0e\u00a0R\u00e1dio,<br \/>\nfazendo\u00a0com\u00a0que\u00a0at\u00e9\u00a0as\u00a0pessoas\u00a0que\u00a0passavam\u00a0pela\u00a0rua,\u00a0se\u00a0colocassem\u00a0em\u00a0ora\u00e7\u00e3o.<br \/>\nA\u00a0hora\u00a0do\u00a0almo\u00e7o,\u00a0que\u00a0para\u00a0muitos\u00a0\u00e9\u00a0o\u00a0momento\u00a0de,\u00a0simplesmente,\u00a0alimentar\u00a0o\u00a0corpo,<br \/>\nna\u00a0Can\u00e7\u00e3o\u00a0Nova\u00a0\u00e9\u00a0o\u00a0momento\u00a0de\u00a0alimentar\u00a0o\u00a0esp\u00edrito\u00a0com\u00a0a\u00a0palavra\u00a0de\u00a0Deus\u00a0e\u00a0a\u00a0eucaristia&#8230;<br \/>\n\u00e9\u00a0o\u00a0momento\u00a0da\u00a0Santa\u00a0Missa,\u00a0que\u00a0neste\u00a0dia,\u00a0 foi\u00a0celebrada\u00a0em\u00a0A\u00e7\u00e3o\u00a0de\u00a0Gra\u00e7as<br \/>\na\u00a0esses\u00a03\u00a0anos\u00a0da\u00a0loja\u00a0em\u00a0nossa\u00a0cidade, por\u00a0dois\u00a0padres\u00a0muito\u00a0amigos\u00a0da\u00a0Comunidade,<br \/>\npadre\u00a0Leandro\u00a0e\u00a0padre\u00a0Anderson, que\u00a0na\u00a0homilia\u00a0enfatizou\u00a0a\u00a0import\u00e2ncia\u00a0do\u00a0trabalho\u00a0realizado<br \/>\nna\u00a0difus\u00e3o\u00a0do\u00a0evangelho\u00a0por\u00a0esta\u00a0obra\u00a0de\u00a0Deus, que\u00a0\u00e9\u00a0a\u00a0Can\u00e7\u00e3o\u00a0Nova,\u00a0e\u00a0com\u00a0ela\u00a0o\u00a0DAVI,\u00a0atrav\u00e9s\u00a0dos\u00a0seus\u00a0produtos\u00a0vestidos,<br \/>\nvistos\u00a0e\u00a0ouvidos,<br \/>\npor\u00a0aqueles\u00a0que\u00a0precisam\u00a0daquilo\u00a0que\u00a0\u00e9\u00a0guardado\u00a0por\u00a0este\u00a0&#8220;Celeiro&#8221;.<br \/>\nCom\u00a0muita\u00a0anima\u00e7\u00e3o,\u00a0o\u00a0Minist\u00e9rio\u00a0Amor\u00a0e\u00a0Adora\u00e7\u00e3o\u00a0evangelizou\u00a0com\u00a0suas\u00a0m\u00fasicas<br \/>\ntodos\u00a0os\u00a0que\u00a0estavam\u00a0presentes\u00a0na\u00a0Loja, assim\u00a0como\u00a0os\u00a0ouvintes\u00a0da\u00a0R\u00e1dio\u00a0Can\u00e7\u00e3o\u00a0Nova\u00a0do\u00a0Cora\u00e7\u00e3o\u00a0de\u00a0Maria,<br \/>\natrav\u00e9s\u00a0do\u00a0programa\u00a0&#8220;Conex\u00e3o\u00a0Can\u00e7\u00e3o\u00a0Nova&#8221;.<br \/>\nDistribuindo\u00a0aut\u00f3grafos,\u00a0eles\u00a0tamb\u00e9m\u00a0distribu\u00edam\u00a0evangeliza\u00e7\u00e3o, que\u00a0\u00e9\u00a0justamente\u00a0o\u00a0objetivo\u00a0desta\u00a0miss\u00e3o\u00a0criada\u00a0por\u00a0Deus e\u00a0movida\u00a0por\u00a0sua\u00a0Provid\u00eancia.<br \/>\nA\u00a0Can\u00e7\u00e3o\u00a0Nova,\u00a0\u00e9\u00a0uma\u00a0obra\u00a0de\u00a0Deus,\u00a0sustentada\u00a0por\u00a0milhares\u00a0de\u00a0s\u00f3cios\u00a0de\u00a0todas\u00a0as\u00a0partes\u00a0do\u00a0mundo, que\u00a0contribuem\u00a0para\u00a0que\u00a0a\u00a0evangeliza\u00e7\u00e3o\u00a0se\u00a0difunda\u00a0principalmente\u00a0onde\u00a0ela\u00a0\u00e9\u00a0mais\u00a0necess\u00e1ria.<br \/>\nO\u00a0DAVI,\u00a0assim\u00a0como\u00a0todo\u00a0o\u00a0Sistema\u00a0Can\u00e7\u00e3o\u00a0Nova\u00a0de\u00a0Comunica\u00e7\u00e3o,\u00a0prioriza\u00a0essa\u00a0difus\u00e3o, e\u00a0procura\u00a0fazer\u00a0com\u00a0que\u00a0cada\u00a0vez\u00a0mais\u00a0pessoas\u00a0em\u00a0qualquer\u00a0lugar,<br \/>\npossa\u00a0receber\u00a0conhecer\u00a0a\u00a0Miseric\u00f3rdia\u00a0de\u00a0Deus, contida\u00a0neste\u00a0&#8220;Celeiro&#8221;.<\/p>\n<p style=\"text-align: left\"><strong>Ricardo\u00a0Donini<\/strong><br \/>\nJORNALISTA\u00a0DA\u00a0CAN\u00c7\u00c3O\u00a0NOVA<\/p>\n<p style=\"text-align: left\">\n","protected":false},"excerpt":{"rendered":"<p>&#8220;CAN\u00c7\u00c3O NOVA, UM CELEIRO DE EVANGELIZA\u00c7\u00c3O&#8230;&#8221; A\u00a0quinta-feira\u00a0\u00e9\u00a0um\u00a0dia\u00a0especial\u00a0em\u00a0toda\u00a0a\u00a0Igreja, na\u00a0qual\u00a0o\u00a0cora\u00e7\u00e3o\u00a0dos\u00a0fi\u00e9is\u00a0se\u00a0volta\u00a0a\u00a0Jesus\u00a0Sacramentado. S\u00e3o\u00a0momentos\u00a0de\u00a0ora\u00e7\u00e3o,\u00a0prega\u00e7\u00e3o,\u00a0adora\u00e7\u00e3o,\u00a0e\u00a0na\u00a0Can\u00e7\u00e3o\u00a0Nova,\u00a0n\u00e3o\u00a0\u00e9\u00a0diferente. Ainda\u00a0mais\u00a0neste\u00a0dia\u00a012\u00a0de\u00a0abril, em\u00a0que\u00a0S\u00e3o\u00a0Jos\u00e9\u00a0do\u00a0Rio\u00a0Preto\u00a0celebrou\u00a0um\u00a0dia\u00a0inteiro\u00a0de\u00a0festa, o\u00a0anivers\u00e1rio\u00a0da\u00a0Loja\u00a0Can\u00e7\u00e3o\u00a0Nova. S\u00e3o\u00a03\u00a0anos\u00a0alimentando\u00a0com\u00a0os\u00a0produtos\u00a0do\u00a0seu\u00a0\u00a0&#8220;Celeiro&#8221;, a\u00a0espiritualidade\u00a0da\u00a0maior\u00a0e\u00a0mais\u00a0bela\u00a0cidade\u00a0da\u00a0Regi\u00e3o\u00a0dos\u00a0Grandes\u00a0Lagos, no\u00a0Noroeste\u00a0do\u00a0Estado\u00a0de\u00a0S\u00e3o\u00a0Paulo. Um\u00a0&#8220;Celeiro&#8221;\u00a0criado\u00a0a\u00a0cerca\u00a0de\u00a030\u00a0anos,\u00a0o\u00a0DAVI\u00a0&#8211; Departamento\u00a0de\u00a0\u00c1udio\u00a0Visuais,\u00a0se\u00a0tornou, atrav\u00e9s\u00a0dos\u00a0l\u00e1bios\u00a0do\u00a0Fundador\u00a0da\u00a0Can\u00e7\u00e3o\u00a0Nova,\u00a0Monsenhor\u00a0Jonas\u00a0Abib, uma\u00a0&#8220;profecia\u00a0proferida\u00a0e\u00a0cumprida&#8221;, fazendo\u00a0com\u00a0que\u00a0S\u00e3o\u00a0Jos\u00e9\u00a0do\u00a0Rio\u00a0Preto, o\u00a0Brasil\u00a0e\u00a0o\u00a0mundo\u00a0receba\u00a0um\u00a0acervo, que\u00a0vem\u00a0sendo\u00a0armazenado\u00a0pela\u00a0Can\u00e7\u00e3o\u00a0Nova\u00a0durante\u00a0d\u00e9cadas\u00a0de\u00a0evangeliza\u00e7\u00e3o, em\u00a0um\u00a0verdadeiro\u00a0&#8220;Celeiro&#8221;. Neste\u00a0dia\u00a0festivo\u00a0para\u00a0a\u00a0Comunidade\u00a0e\u00a0todos\u00a0os\u00a0s\u00f3cios\u00a0da\u00a0Can\u00e7\u00e3o\u00a0Nova\u00a0na\u00a0cidade, atipicamente, a\u00a0Loja\u00a0Can\u00e7\u00e3o\u00a0Nova,\u00a0iniciou\u00a0seus\u00a0trabalhos\u00a0as\u00a08\u00a0horas\u00a0da\u00a0manh\u00e3,\u00a0recebendo\u00a0na\u00a0sequ\u00eancia, alguns\u00a0integrantes\u00a0do\u00a0Minist\u00e9rio\u00a0Amor\u00a0e\u00a0Adora\u00e7\u00e3o\u00a0e\u00a0mission\u00e1rios\u00a0da\u00a0Can\u00e7\u00e3o\u00a0Nova em\u00a0Cachoeira\u00a0Paulista, Ana\u00a0L\u00facia\u00a0Rocha,\u00a0Emanuel\u00a0St\u00eanio,\u00a0Ivanilson\u00a0Thurler\u00a0e\u00a0Luciana\u00a0Sitta, que\u00a0animaram\u00a0a\u00a0manh\u00e3\u00a0de\u00a0ora\u00e7\u00e3o, transmitida\u00a0para\u00a0toda\u00a0a\u00a0Regi\u00e3o\u00a0de\u00a0S\u00e3o\u00a0Jos\u00e9\u00a0do\u00a0Rio\u00a0Preto, pela\u00a0R\u00e1dio\u00a0Can\u00e7\u00e3o\u00a0Nova\u00a0do\u00a0Cora\u00e7\u00e3o\u00a0de\u00a0Maria,\u00a0AM\u00a0810. &#8220;Quem\u00a0n\u00e3o\u00a0adorar,\u00a0n\u00e3o\u00a0vai\u00a0aguentar&#8230;&#8221;\u00a0frase\u00a0muito\u00a0conhecida\u00a0do\u00a0Monsenhor\u00a0Jonas\u00a0Abib,\u00a0 e\u00a0expressa\u00a0bem\u00a0o\u00a0que\u00a0foi\u00a0este\u00a0dia. Muitas\u00a0e\u00a0belas\u00a0m\u00fasicas\u00a0ecoaram\u00a0por\u00a0toda\u00a0a\u00a0Casa\u00a0de\u00a0Miss\u00e3o,\u00a0Loja\u00a0e\u00a0R\u00e1dio, fazendo\u00a0com\u00a0que\u00a0at\u00e9\u00a0as\u00a0pessoas\u00a0que\u00a0passavam\u00a0pela\u00a0rua,\u00a0se\u00a0colocassem\u00a0em\u00a0ora\u00e7\u00e3o. A\u00a0hora\u00a0do\u00a0almo\u00e7o,\u00a0que\u00a0para\u00a0muitos\u00a0\u00e9\u00a0o\u00a0momento\u00a0de,\u00a0simplesmente,\u00a0alimentar\u00a0o\u00a0corpo, na\u00a0Can\u00e7\u00e3o\u00a0Nova\u00a0\u00e9\u00a0o\u00a0momento\u00a0de\u00a0alimentar\u00a0o\u00a0esp\u00edrito\u00a0com\u00a0a\u00a0palavra\u00a0de\u00a0Deus\u00a0e\u00a0a\u00a0eucaristia&#8230; \u00e9\u00a0o\u00a0momento\u00a0da\u00a0Santa\u00a0Missa,\u00a0que\u00a0neste\u00a0dia,\u00a0 foi\u00a0celebrada\u00a0em\u00a0A\u00e7\u00e3o\u00a0de\u00a0Gra\u00e7as&#8230;<\/p>\n","protected":false},"author":2701,"featured_media":0,"comment_status":"open","ping_status":"open","sticky":false,"template":"","format":"standard","meta":{"_mi_skip_tracking":false,"_monsterinsights_sitenote_active":false,"_monsterinsights_sitenote_note":"","_monsterinsights_sitenote_category":0,"footnotes":""},"categories":[19],"tags":[],"_links":{"self":[{"href":"https:\/\/blog.cancaonova.com\/riopreto\/wp-json\/wp\/v2\/posts\/4212"}],"collection":[{"href":"https:\/\/blog.cancaonova.com\/riopreto\/wp-json\/wp\/v2\/posts"}],"about":[{"href":"https:\/\/blog.cancaonova.com\/riopreto\/wp-json\/wp\/v2\/types\/post"}],"author":[{"embeddable":true,"href":"https:\/\/blog.cancaonova.com\/riopreto\/wp-json\/wp\/v2\/users\/2701"}],"replies":[{"embeddable":true,"href":"https:\/\/blog.cancaonova.com\/riopreto\/wp-json\/wp\/v2\/comments?post=4212"}],"version-history":[{"count":23,"href":"https:\/\/blog.cancaonova.com\/riopreto\/wp-json\/wp\/v2\/posts\/4212\/revisions"}],"predecessor-version":[{"id":4238,"href":"https:\/\/blog.cancaonova.com\/riopreto\/wp-json\/wp\/v2\/posts\/4212\/revisions\/4238"}],"wp:attachment":[{"href":"https:\/\/blog.cancaonova.com\/riopreto\/wp-json\/wp\/v2\/media?parent=4212"}],"wp:term":[{"taxonomy":"category","embeddable":true,"href":"https:\/\/blog.cancaonova.com\/riopreto\/wp-json\/wp\/v2\/categories?post=4212"},{"taxonomy":"post_tag","embeddable":true,"href":"https:\/\/blog.cancaonova.com\/riopreto\/wp-json\/wp\/v2\/tags?post=4212"}],"curies":[{"name":"wp","href":"https:\/\/api.w.org\/{rel}","templated":true}]}}