{"id":4256,"date":"2012-05-02T16:21:32","date_gmt":"2012-05-02T19:21:32","guid":{"rendered":"http:\/\/blog.cancaonova.com\/riopreto\/?p=4256"},"modified":"2012-05-02T16:25:10","modified_gmt":"2012-05-02T19:25:10","slug":"eliana-ribeiro-tem-um-convite-para-voce","status":"publish","type":"post","link":"https:\/\/blog.cancaonova.com\/riopreto\/eliana-ribeiro-tem-um-convite-para-voce\/","title":{"rendered":"Eliana Ribeiro tem um convite para voc\u00ea!"},"content":{"rendered":"<h1><\/h1>\n<p><object classid=\"d27cdb6e-ae6d-11cf-96b8-444553540000\" width=\"480\" height=\"360\"><param name=\"allowFullScreen\" value=\"true\" \/><param name=\"allowscriptaccess\" value=\"always\" \/><param name=\"src\" value=\"http:\/\/www.youtube.com\/v\/lL4T6oBWaxk?version=3&amp;hl=pt_BR&amp;rel=0\" \/><param name=\"allowfullscreen\" value=\"true\" \/><embed type=\"application\/x-shockwave-flash\" width=\"480\" height=\"360\" src=\"http:\/\/www.youtube.com\/v\/lL4T6oBWaxk?version=3&amp;hl=pt_BR&amp;rel=0\" allowscriptaccess=\"always\" allowfullscreen=\"true\"><\/embed><\/object><\/p>\n<p>Confira tamb\u00e9m a programa\u00e7\u00e3o do Evento.<\/p>\n<h2 style=\"text-align: center\"><span style=\"color: #0000ff\"><strong>8\u00ba Anivers\u00e1rio da R\u00e1dio Can\u00e7\u00e3o Nova<\/strong><\/span><\/h2>\n<h3 style=\"text-align: center\"><span style=\"color: #0000ff\"><strong>Tema:At\u00e9 aqui o Senhor nos ajudou!<br \/>\n(I Sam 7,12)<\/strong><\/span><\/h3>\n<p>(06 \/ 05 \/ 2012)<\/p>\n<p>Local: Palestra Esporte Clube<\/p>\n<p>Domingo<\/p>\n<p>09h00 \u2013 Anima\u00e7\u00e3o: Minist\u00e9rio Can\u00e7\u00e3o Nova<br \/>\n09h30 \u2013 Prega\u00e7\u00e3o: Eug\u00eanio Jorge<br \/>\n10h30 \u2013 Intervalo<br \/>\n11h00 \u2013 Anima\u00e7\u00e3o: Minist\u00e9rio Can\u00e7\u00e3o Nova e Eug\u00eanio Jorge<br \/>\n11h30 \u2013 Adora\u00e7\u00e3o ao Sant\u00edssimo<br \/>\n12h30 \u2013 Intervalo<br \/>\n14h30 \u2013 Santa Missa: Padre Toninho<br \/>\n16h30 \u2013 Intervalo<br \/>\n17h00 \u2013 Show com Eug\u00eanio Jorge<br \/>\n18h00 \u2013 Show com Eliana Ribeiro<br \/>\n19h00 \u2013 Encerramento<\/p>\n","protected":false},"excerpt":{"rendered":"<p>Confira tamb\u00e9m a programa\u00e7\u00e3o do Evento. 8\u00ba Anivers\u00e1rio da R\u00e1dio Can\u00e7\u00e3o Nova Tema:At\u00e9 aqui o Senhor nos ajudou! (I Sam 7,12) (06 \/ 05 \/ 2012) Local: Palestra Esporte Clube Domingo 09h00 \u2013 Anima\u00e7\u00e3o: Minist\u00e9rio Can\u00e7\u00e3o Nova 09h30 \u2013 Prega\u00e7\u00e3o:&#8230;<\/p>\n","protected":false},"author":2701,"featured_media":0,"comment_status":"open","ping_status":"open","sticky":false,"template":"","format":"standard","meta":{"_mi_skip_tracking":false,"_monsterinsights_sitenote_active":false,"_monsterinsights_sitenote_note":"","_monsterinsights_sitenote_category":0,"footnotes":""},"categories":[12551,114,19,10341],"tags":[16504,5011,16972,17574,126444,104,23452],"_links":{"self":[{"href":"https:\/\/blog.cancaonova.com\/riopreto\/wp-json\/wp\/v2\/posts\/4256"}],"collection":[{"href":"https:\/\/blog.cancaonova.com\/riopreto\/wp-json\/wp\/v2\/posts"}],"about":[{"href":"https:\/\/blog.cancaonova.com\/riopreto\/wp-json\/wp\/v2\/types\/post"}],"author":[{"embeddable":true,"href":"https:\/\/blog.cancaonova.com\/riopreto\/wp-json\/wp\/v2\/users\/2701"}],"replies":[{"embeddable":true,"href":"https:\/\/blog.cancaonova.com\/riopreto\/wp-json\/wp\/v2\/comments?post=4256"}],"version-history":[{"count":3,"href":"https:\/\/blog.cancaonova.com\/riopreto\/wp-json\/wp\/v2\/posts\/4256\/revisions"}],"predecessor-version":[{"id":4258,"href":"https:\/\/blog.cancaonova.com\/riopreto\/wp-json\/wp\/v2\/posts\/4256\/revisions\/4258"}],"wp:attachment":[{"href":"https:\/\/blog.cancaonova.com\/riopreto\/wp-json\/wp\/v2\/media?parent=4256"}],"wp:term":[{"taxonomy":"category","embeddable":true,"href":"https:\/\/blog.cancaonova.com\/riopreto\/wp-json\/wp\/v2\/categories?post=4256"},{"taxonomy":"post_tag","embeddable":true,"href":"https:\/\/blog.cancaonova.com\/riopreto\/wp-json\/wp\/v2\/tags?post=4256"}],"curies":[{"name":"wp","href":"https:\/\/api.w.org\/{rel}","templated":true}]}}