{"id":4353,"date":"2012-05-25T11:19:24","date_gmt":"2012-05-25T14:19:24","guid":{"rendered":"http:\/\/blog.cancaonova.com\/riopreto\/?p=4353"},"modified":"2012-05-25T15:03:47","modified_gmt":"2012-05-25T18:03:47","slug":"8-anos-realizando-o-sonho-de-deus","status":"publish","type":"post","link":"https:\/\/blog.cancaonova.com\/riopreto\/8-anos-realizando-o-sonho-de-deus\/","title":{"rendered":"8 ANOS REALIZANDO O SONHO DE DEUS"},"content":{"rendered":"<p><a href=\"http:\/\/blog.cancaonova.com\/riopreto\/?attachment_id=4354\" rel=\"attachment wp-att-4354\"><img loading=\"lazy\" decoding=\"async\" src=\"http:\/\/blog.cancaonova.com\/riopreto\/files\/2012\/05\/blogjonas-abib-179x300.jpg\" alt=\"\" width=\"179\" height=\"300\" class=\"alignleft size-medium wp-image-4354\" srcset=\"https:\/\/blog.cancaonova.com\/riopreto\/files\/2012\/05\/blogjonas-abib-179x300.jpg 179w, https:\/\/blog.cancaonova.com\/riopreto\/files\/2012\/05\/blogjonas-abib-611x1024.jpg 611w, https:\/\/blog.cancaonova.com\/riopreto\/files\/2012\/05\/blogjonas-abib.jpg 735w\" sizes=\"(max-width: 179px) 100vw, 179px\" \/><\/a>Estamos crescendo, j\u00e1 temos 8 anos&#8230; A R\u00e1dio Can\u00e7\u00e3o Nova do Cora\u00e7\u00e3o de Maria, opera em 810 AM, em S\u00e3o Jos\u00e9 do Rio Preto, e est\u00e1 oficialmente completando 8 anos de transmiss\u00e3o e evangeliza\u00e7\u00e3o em nossa regi\u00e3o. Tempo de muitas lutas, conquistas e de muita gra\u00e7a, n\u00e3o somente para a miss\u00e3o, mas tamb\u00e9m para esta cidade que recebeu de bra\u00e7os abertos toda a comunidade Can\u00e7\u00e3o Nova, e aquilo que nos \u00e9 proposto&#8230; Evangelizar.<br \/>\nNascemos por Gra\u00e7a Divina, e com essa gra\u00e7a, acreditamos que n\u00e3o estamos sozinhos, e que somos importantes pra Deus e por isso contamos com sua Provid\u00eancia, e a experimentamos diariamente. Tocamos na Miseric\u00f3rdia Divina, expressa providencialmente nas nossas necessidades.<br \/>\nAssim como Jesus pequenino, &#8220;crescemos em sabedoria e em gra\u00e7a&#8221;&#8230; Somos agraciados por Deus, pois somos desejo dele. A Can\u00e7\u00e3o Nova, assim como todo o Sistema de Comunica\u00e7\u00e3o administrado por ela, s\u00e3o obras sonhadas por Deus e idealizadas por Monsenhor Jonas Abib.<br \/>\nIsso nos torna homens e mulheres a servi\u00e7o da evangeliza\u00e7\u00e3o pelos meios de comunica\u00e7\u00e3o&#8230; Seja pregando, apresentando programa, operando \u00e1udio, noticiando, produzindo, limpando, gravando, ou at\u00e9 mesmo dirigindo, a R\u00e1dio Can\u00e7\u00e3o Nova evangeliza a todo o momento. Somos membros de um \u00fanico corpo, e sendo assim, trabalhamos juntos com o objetivo de evangelizar.<br \/>\nA R\u00e1dio Can\u00e7\u00e3o Nova \u00e9 Gra\u00e7a de Deus em nossa vida porque atrav\u00e9s dela Deus fala, e est\u00e1 falando neste momento&#8230; Ligue o R\u00e1dio&#8230; Ou\u00e7a&#8230; Reze, fa\u00e7a isso a qualquer momento. Quando escutamos uma m\u00fasica, quando transmitimos um Acampamento de Ora\u00e7\u00e3o, quando Jesus entra em nossa casa numa quinta-feira de Adora\u00e7\u00e3o, Deus fala e age salvando muitas almas atrav\u00e9s das ondas Eucar\u00edsticas da R\u00e1dio Can\u00e7\u00e3o Nova.<br \/>\nA nossa miss\u00e3o \u00e9 formar homens novos para um mundo novo.. \u00c9 para isso que a R\u00e1dio Can\u00e7\u00e3o Nova do Cora\u00e7\u00e3o de Maria existe, e por isso a Miss\u00e3o Can\u00e7\u00e3o Nova est\u00e1 hoje em S\u00e3o Jos\u00e9 do Rio Preto, para realizar o Sonho de Deus, de se fazer conhecido em todas as na\u00e7\u00f5es e que seu evangelho chegue a todas as criaturas em qualquer parte e em qualquer lugar.<\/p>\n<p>RICARDO DONINI<br \/>\nJornalista \u2013 R\u00e1dio Can\u00e7\u00e3o Nova<\/p>\n","protected":false},"excerpt":{"rendered":"<p>Estamos crescendo, j\u00e1 temos 8 anos&#8230; A R\u00e1dio Can\u00e7\u00e3o Nova do Cora\u00e7\u00e3o de Maria, opera em 810 AM, em S\u00e3o Jos\u00e9 do Rio Preto, e est\u00e1 oficialmente completando 8 anos de transmiss\u00e3o e evangeliza\u00e7\u00e3o em nossa regi\u00e3o. Tempo de muitas&#8230;<\/p>\n","protected":false},"author":2701,"featured_media":4354,"comment_status":"open","ping_status":"open","sticky":false,"template":"","format":"standard","meta":{"_mi_skip_tracking":false,"_monsterinsights_sitenote_active":false,"_monsterinsights_sitenote_note":"","_monsterinsights_sitenote_category":0,"footnotes":""},"categories":[10341],"tags":[32841,5011,15975,8181,17411],"_links":{"self":[{"href":"https:\/\/blog.cancaonova.com\/riopreto\/wp-json\/wp\/v2\/posts\/4353"}],"collection":[{"href":"https:\/\/blog.cancaonova.com\/riopreto\/wp-json\/wp\/v2\/posts"}],"about":[{"href":"https:\/\/blog.cancaonova.com\/riopreto\/wp-json\/wp\/v2\/types\/post"}],"author":[{"embeddable":true,"href":"https:\/\/blog.cancaonova.com\/riopreto\/wp-json\/wp\/v2\/users\/2701"}],"replies":[{"embeddable":true,"href":"https:\/\/blog.cancaonova.com\/riopreto\/wp-json\/wp\/v2\/comments?post=4353"}],"version-history":[{"count":21,"href":"https:\/\/blog.cancaonova.com\/riopreto\/wp-json\/wp\/v2\/posts\/4353\/revisions"}],"predecessor-version":[{"id":4375,"href":"https:\/\/blog.cancaonova.com\/riopreto\/wp-json\/wp\/v2\/posts\/4353\/revisions\/4375"}],"wp:featuredmedia":[{"embeddable":true,"href":"https:\/\/blog.cancaonova.com\/riopreto\/wp-json\/wp\/v2\/media\/4354"}],"wp:attachment":[{"href":"https:\/\/blog.cancaonova.com\/riopreto\/wp-json\/wp\/v2\/media?parent=4353"}],"wp:term":[{"taxonomy":"category","embeddable":true,"href":"https:\/\/blog.cancaonova.com\/riopreto\/wp-json\/wp\/v2\/categories?post=4353"},{"taxonomy":"post_tag","embeddable":true,"href":"https:\/\/blog.cancaonova.com\/riopreto\/wp-json\/wp\/v2\/tags?post=4353"}],"curies":[{"name":"wp","href":"https:\/\/api.w.org\/{rel}","templated":true}]}}